{"id":6990,"date":"2018-09-01T11:33:38","date_gmt":"2018-09-01T16:33:38","guid":{"rendered":"http:\/\/lacuevadedominguez.net.pe\/?p=6990"},"modified":"2018-09-01T11:22:37","modified_gmt":"2018-09-01T16:22:37","slug":"el-mundo-de-la-cocina-latina-19-y-20-de-septiembre-en-new-jersey","status":"publish","type":"post","link":"https:\/\/lacuevadedominguez.net.pe\/index.php\/2018\/09\/01\/el-mundo-de-la-cocina-latina-19-y-20-de-septiembre-en-new-jersey\/","title":{"rendered":"El Mundo de la Cocina Latina, 19 y 20 de septiembre en  New Jersey"},"content":{"rendered":"<p>Pr\u00f3ximamente se celebrar\u00e1 la quinta edici\u00f3n de la feria comercial <strong>\u00abWorld of the Latino Cuisine\u00bb<\/strong>,\u00a0la principal feria que re\u00fane a productores de alimentos y bebidas, tanto dom\u00e9sticos como internacionales, con los m\u00e1s importantes distribuidores de servicios en el mercado latino en los Estados Unidos.<\/p>\n<p>Fabricantes de alimentos, proveedores y exportadores d<strong>e pa\u00edses de Europa, el Caribe y Am\u00e9rica Latina son invitados como expositores.<\/strong> Tambi\u00e9n participan compradores, comercializadores, distribuidores, tiendas especializadas de alimentos, peque\u00f1as y medianas empresas, cadenas regionales, empresas de catering, restaurantes, independientes, y bodegueros.<\/p>\n<p><strong>Las categor\u00edas de exhibici\u00f3n incluyen alimentos congelados y no congelados, productos l\u00e1cteos y org\u00e1nicos, bebidas, adem\u00e1s de productos no alimenticios.<\/strong><\/p>\n<p>El evento representa una oportunidad id\u00f3nea para que los participantes exploren los canales de distribuci\u00f3n que sirven al creciente mercado latino, el cual ostenta un <strong>poder adquisitivo que llega a los 2 000 trillones de d\u00f3lares<\/strong>, sobrepasando las econom\u00edas de muchos pa\u00edses. Asimismo, la feria propicia ruedas de negocios, intercambios comerciales, networking y matchmaking para aquellos productores en busca de un distribuidor o de incrementar sus ventas en los Estados Unidos.<\/p>\n<p>\u00abContamos con un Dream Team de expertos culinarios, quienes demostrar\u00e1n cu\u00e1n diversificada y rica es nuestra cocina latina\u00bb, coment\u00f3 Bill Col\u00f3n, presidente y Ejecutivo Principal de World of the Latino Cuisine, Inc, el organizador del evento. \u00abCreemos que nuestra oferta es superior este a\u00f1o y esperamos contar con m\u00e1s de 200 expositores y miles de visitantes\u00bb.<\/p>\n<p>Adem\u00e1s de expositores dom\u00e9sticos, se espera m\u00e1s de un cuarenta por ciento de participaci\u00f3n extranjera, con empresas provenientes de <strong>M\u00e9xico, Per\u00fa, Brasil, Puerto Rico, El Salvador, Ecuador, Canad\u00e1, Guatemala, Jamaica y Espa\u00f1a.<\/strong><\/p>\n<p>Para m\u00e1s informaci\u00f3n visite el sitio web\u00a0<a href=\"http:\/\/www.latinofoodshow.com\/\" target=\"_blank\" rel=\"noopener\">www.latinofoodshow.com<\/a><\/p>\n<p>&nbsp;<\/p>\n<p><em>Fuente:\u00a0http:\/\/www.excelenciasgourmet.com<\/em><\/p>\n","protected":false},"excerpt":{"rendered":"<p>Pr\u00f3ximamente se celebrar\u00e1 la quinta edici\u00f3n de la feria comercial \u00abWorld of the Latino Cuisine\u00bb,\u00a0la principal feria que re\u00fane a<\/p>\n","protected":false},"author":1,"featured_media":6991,"comment_status":"open","ping_status":"open","sticky":false,"template":"","format":"standard","meta":{"colormag_page_container_layout":"default_layout","colormag_page_sidebar_layout":"default_layout","footnotes":""},"categories":[3],"tags":[316,314,83,58,317,152,315],"class_list":["post-6990","post","type-post","status-publish","format-standard","has-post-thumbnail","hentry","category-lifestyle","tag-cocina-latinoamericana","tag-cuisine","tag-eventos","tag-gastronomia","tag-new-jersey","tag-turismo-gastronomico","tag-world-of-the-latino-cuisine"],"_links":{"self":[{"href":"https:\/\/lacuevadedominguez.net.pe\/index.php\/wp-json\/wp\/v2\/posts\/6990","targetHints":{"allow":["GET"]}}],"collection":[{"href":"https:\/\/lacuevadedominguez.net.pe\/index.php\/wp-json\/wp\/v2\/posts"}],"about":[{"href":"https:\/\/lacuevadedominguez.net.pe\/index.php\/wp-json\/wp\/v2\/types\/post"}],"author":[{"embeddable":true,"href":"https:\/\/lacuevadedominguez.net.pe\/index.php\/wp-json\/wp\/v2\/users\/1"}],"replies":[{"embeddable":true,"href":"https:\/\/lacuevadedominguez.net.pe\/index.php\/wp-json\/wp\/v2\/comments?post=6990"}],"version-history":[{"count":1,"href":"https:\/\/lacuevadedominguez.net.pe\/index.php\/wp-json\/wp\/v2\/posts\/6990\/revisions"}],"predecessor-version":[{"id":6992,"href":"https:\/\/lacuevadedominguez.net.pe\/index.php\/wp-json\/wp\/v2\/posts\/6990\/revisions\/6992"}],"wp:featuredmedia":[{"embeddable":true,"href":"https:\/\/lacuevadedominguez.net.pe\/index.php\/wp-json\/wp\/v2\/media\/6991"}],"wp:attachment":[{"href":"https:\/\/lacuevadedominguez.net.pe\/index.php\/wp-json\/wp\/v2\/media?parent=6990"}],"wp:term":[{"taxonomy":"category","embeddable":true,"href":"https:\/\/lacuevadedominguez.net.pe\/index.php\/wp-json\/wp\/v2\/categories?post=6990"},{"taxonomy":"post_tag","embeddable":true,"href":"https:\/\/lacuevadedominguez.net.pe\/index.php\/wp-json\/wp\/v2\/tags?post=6990"}],"curies":[{"name":"wp","href":"https:\/\/api.w.org\/{rel}","templated":true}]}}