{"id":7031,"date":"2018-09-10T09:23:43","date_gmt":"2018-09-10T14:23:43","guid":{"rendered":"http:\/\/lacuevadedominguez.net.pe\/?p=7031"},"modified":"2018-09-10T09:23:43","modified_gmt":"2018-09-10T14:23:43","slug":"seminario-buenas-practicas-en-areas-protegidas-amazonicas-reune-a-7-paises-en-lima","status":"publish","type":"post","link":"https:\/\/lacuevadedominguez.net.pe\/index.php\/2018\/09\/10\/seminario-buenas-practicas-en-areas-protegidas-amazonicas-reune-a-7-paises-en-lima\/","title":{"rendered":"Seminario \u00abBuenas Pr\u00e1cticas en \u00c1reas Protegidas Amaz\u00f3nicas\u00bb re\u00fane a 7 pa\u00edses en Lima"},"content":{"rendered":"<p style=\"font-weight: 400;\">Con el fin de generar un espacio en el que diferentes iniciativas de conservaci\u00f3n puedan compartir sus experiencias, aprendizajes y recomendaciones, entre el 11 y 12 de septiembre se realizar\u00e1 en Lima, Per\u00fa, el <strong>Seminario de Buenas Pr\u00e1cticas en \u00c1reas Protegidas del Bioma Amaz\u00f3nico<\/strong>. El encuentro, liderado por el\u00a0proyecto IAPA\u00a0(Integraci\u00f3n de las \u00c1reas Protegidas del Bioma Amaz\u00f3nico) de la\u00a0Redparques, reunir\u00e1 a 7 pa\u00edses que presentar\u00e1n 46 experiencias exitosas de gesti\u00f3n en \u00e1reas protegidas.<\/p>\n<p style=\"font-weight: 400;\">Los participantes provendr\u00e1n de pa\u00edses amaz\u00f3nicos (<strong>Bolivia, Brasil, Colombia, Ecuador, Per\u00fa, Venezuela y Guyana<\/strong>) representadas por guardaparques, instituciones cient\u00edficas, gobiernos, ONGs y sociedad civil.<\/p>\n<p style=\"font-weight: 400;\">Bajo el lema\u00a0<strong>\u201cIntegrando las \u00e1reas protegidas amaz\u00f3nicas en el paisaje\u201d, se busca visibilizar las iniciativas\u00a0<\/strong>que han tenido un impacto m\u00e1s all\u00e1 de los l\u00edmites jurisdiccionales de los espacios protegidos. Cabe mencionar que actualmente el bioma amaz\u00f3nico cuenta con 1.033 \u00e1reas protegidas. Esto quiere decir que el 33 % del bioma est\u00e1 protegido bajo alguna figura de conservaci\u00f3n.<\/p>\n<p style=\"font-weight: 400;\">Durante el evento estar\u00e1n presentes instituciones como WCS, Instituto Chico Mendes para la Conservaci\u00f3n de la Biodiversidad (ICMBio de Brasil), Parques Nacionales Naturales de Colombia, Servicio Nacional de \u00c1reas Naturales Protegidas por el Estado del Per\u00fa (SERNANP), Fundaci\u00f3n Ecociencia, Ministerio de Ambiente de Ecuador,\u00a0Asociaci\u00f3n para la Conservaci\u00f3n, Investigaci\u00f3n de la Biodiversidad y el Desarrollo Sustentable (Bolivia), Fundaci\u00f3n Gaia Amazonas (Colombia), Inparques (Venezuela), Instituto de Pesquisas Ecol\u00f3gicas (Brasil), entre otros.<\/p>\n<p style=\"font-weight: 400;\">Adem\u00e1s, el encuentro contar\u00e1 con la presencia de socios y cooperantes que hacen parte de esta iniciativa regional: Uni\u00f3n Europea, FAO, WWF, UICN, ONU Medio Ambiente y Redparques.<\/p>\n<p style=\"font-weight: 400;\">Las experiencias ser\u00e1n presentadas posteriormente en el\u00a0<a href=\"https:\/\/www.areasprotegidas-latinoamerica.org\/\" data-saferedirecturl=\"https:\/\/www.google.com\/url?hl=es-419&amp;q=https:\/\/www.areasprotegidas-latinoamerica.org\/&amp;source=gmail&amp;ust=1536674552323000&amp;usg=AFQjCNELhSB8A2Bf38Pd6KZduiAyVbzdhg\" target=\"_blank\" rel=\"noopener\">III Congreso de \u00c1reas Protegidas de Latinoam\u00e9rica y el Caribe<\/a>, en Lima, que se realizar\u00e1 entre el <strong>17 y 20 de marzo de 2019.\u00a0<\/strong><\/p>\n<p>&nbsp;<\/p>\n<p><em>Foto: Cecilia Portella Morote<\/em><\/p>\n","protected":false},"excerpt":{"rendered":"<p>Con el fin de generar un espacio en el que diferentes iniciativas de conservaci\u00f3n puedan compartir sus experiencias, aprendizajes y<\/p>\n","protected":false},"author":1,"featured_media":7032,"comment_status":"open","ping_status":"open","sticky":false,"template":"","format":"standard","meta":{"colormag_page_container_layout":"default_layout","colormag_page_sidebar_layout":"default_layout","footnotes":""},"categories":[2],"tags":[215,369,83,358,367,362,364,365,363,370,192,368,361,366,135,45,179,360,357,359],"class_list":["post-7031","post","type-post","status-publish","format-standard","has-post-thumbnail","hentry","category-eventos","tag-amazonia-peruana","tag-asociacion-para-la-conservacion","tag-eventos","tag-fao","tag-fundacion-ecociencia","tag-fundacion-gaia-amazonas","tag-inparques-venezuela","tag-instituto-chico-mendes-para-la-conservacion-de-la-biodiversidad","tag-instituto-de-pesquisas-ecologicas","tag-investigacion-de-la-biodiversidad-y-el-desarrollo-sustentable-de-bolivia","tag-lima","tag-ministerio-de-ambiente-de-ecuador","tag-onu-medio-ambiente","tag-parques-nacionales-naturales-de-colombia","tag-sernanp","tag-turismo","tag-turismo-peru","tag-uicn","tag-union-europea","tag-wwf"],"_links":{"self":[{"href":"https:\/\/lacuevadedominguez.net.pe\/index.php\/wp-json\/wp\/v2\/posts\/7031","targetHints":{"allow":["GET"]}}],"collection":[{"href":"https:\/\/lacuevadedominguez.net.pe\/index.php\/wp-json\/wp\/v2\/posts"}],"about":[{"href":"https:\/\/lacuevadedominguez.net.pe\/index.php\/wp-json\/wp\/v2\/types\/post"}],"author":[{"embeddable":true,"href":"https:\/\/lacuevadedominguez.net.pe\/index.php\/wp-json\/wp\/v2\/users\/1"}],"replies":[{"embeddable":true,"href":"https:\/\/lacuevadedominguez.net.pe\/index.php\/wp-json\/wp\/v2\/comments?post=7031"}],"version-history":[{"count":1,"href":"https:\/\/lacuevadedominguez.net.pe\/index.php\/wp-json\/wp\/v2\/posts\/7031\/revisions"}],"predecessor-version":[{"id":7033,"href":"https:\/\/lacuevadedominguez.net.pe\/index.php\/wp-json\/wp\/v2\/posts\/7031\/revisions\/7033"}],"wp:featuredmedia":[{"embeddable":true,"href":"https:\/\/lacuevadedominguez.net.pe\/index.php\/wp-json\/wp\/v2\/media\/7032"}],"wp:attachment":[{"href":"https:\/\/lacuevadedominguez.net.pe\/index.php\/wp-json\/wp\/v2\/media?parent=7031"}],"wp:term":[{"taxonomy":"category","embeddable":true,"href":"https:\/\/lacuevadedominguez.net.pe\/index.php\/wp-json\/wp\/v2\/categories?post=7031"},{"taxonomy":"post_tag","embeddable":true,"href":"https:\/\/lacuevadedominguez.net.pe\/index.php\/wp-json\/wp\/v2\/tags?post=7031"}],"curies":[{"name":"wp","href":"https:\/\/api.w.org\/{rel}","templated":true}]}}