{"id":7053,"date":"2018-09-13T10:13:15","date_gmt":"2018-09-13T15:13:15","guid":{"rendered":"http:\/\/lacuevadedominguez.net.pe\/?p=7053"},"modified":"2018-09-13T10:06:08","modified_gmt":"2018-09-13T15:06:08","slug":"hay-festival-tradicional-encuentro-cultural-tendra-sede-en-ayacucho","status":"publish","type":"post","link":"https:\/\/lacuevadedominguez.net.pe\/index.php\/2018\/09\/13\/hay-festival-tradicional-encuentro-cultural-tendra-sede-en-ayacucho\/","title":{"rendered":"\u00abHay Festival\u00bb, tradicional encuentro cultural, tendr\u00e1 sede en Ayacucho"},"content":{"rendered":"<p style=\"font-weight: 400;\">La ciudad de Ayacucho ser\u00e1 <strong>por primera vez sede del \u201cHay Festival\u201d, encuentro internacional que desde hace 30 a\u00f1os fomenta el intercambio cultural, la educaci\u00f3n y el desarrollo<\/strong> en diferentes ciudades del mundo. Esto es posible gracias al patrocinio de<strong> Transportadora de Gas del Per\u00fa (TGP)<\/strong>, empresa comprometida con la puesta en valor de la tradici\u00f3n y herencia cultural de la comunidad ayacuchana.<\/p>\n<p style=\"font-weight: 400;\">Reconocidos escritores, cient\u00edficos, pensadores, cineastas, creadores, periodistas, artistas visuales, gastr\u00f3nomos locales e internacionales, se dar\u00e1n cita el <strong>pr\u00f3ximo 7 de noviembre<\/strong> en la ciudad, poniendo a Ayacucho a la par de importantes ciudades del mundo como <strong>Cartagena de Indias (Colombia), Quer\u00e9taro (M\u00e9xico) y Segovia (Espa\u00f1a)<\/strong>.<\/p>\n<p style=\"font-weight: 400;\">En esta ocasi\u00f3n, se llevar\u00e1 a cabo la exposici\u00f3n fotogr\u00e1fica \u201cEl pa\u00eds que imaginamos\u201d, organizada por el Proyecto Bicentenario del Ministerio de Cultura.<\/p>\n<p style=\"font-weight: 400;\">\u201cAyacucho es protagonista de parte importante de nuestra historia. Por ello, consideramos importante incluir a esta regi\u00f3n en el circuito cultural del Per\u00fa a los ojos del mundo, m\u00e1s aun estando ad portas del Bicentenario de Independencia del Per\u00fa y Hay Festival es un espacio id\u00f3neo para ese objetivo\u201d, detall\u00f3 Tania Silva, gerente de Sostenibilidad y Comunicaci\u00f3n Corporativa de\u00a0TGP.<\/p>\n<p style=\"font-weight: 400;\"><strong>Hay Festival en Per\u00fa<\/strong><\/p>\n<p style=\"font-weight: 400;\">\u201cHay Festival\u201d se desarrollar\u00e1 tambi\u00e9n en <strong>Arequipa como lo ha venido haciendo desde el 2015<\/strong>. En su \u00faltima edici\u00f3n, <strong>congreg\u00f3 a m\u00e1s de 22 mil asistentes<\/strong>, convirti\u00e9ndose as\u00ed en uno de los principales encuentros culturales del Per\u00fa.<\/p>\n","protected":false},"excerpt":{"rendered":"<p>La ciudad de Ayacucho ser\u00e1 por primera vez sede del \u201cHay Festival\u201d, encuentro internacional que desde hace 30 a\u00f1os fomenta<\/p>\n","protected":false},"author":1,"featured_media":7054,"comment_status":"open","ping_status":"open","sticky":false,"template":"","format":"standard","meta":{"colormag_page_container_layout":"default_layout","colormag_page_sidebar_layout":"default_layout","footnotes":""},"categories":[2],"tags":[55,309,44,83,390,45,179],"class_list":["post-7053","post","type-post","status-publish","format-standard","has-post-thumbnail","hentry","category-eventos","tag-ayacucho","tag-cecilia-portella-morote","tag-destinos","tag-eventos","tag-transportadora-de-gas-del-peru","tag-turismo","tag-turismo-peru"],"_links":{"self":[{"href":"https:\/\/lacuevadedominguez.net.pe\/index.php\/wp-json\/wp\/v2\/posts\/7053","targetHints":{"allow":["GET"]}}],"collection":[{"href":"https:\/\/lacuevadedominguez.net.pe\/index.php\/wp-json\/wp\/v2\/posts"}],"about":[{"href":"https:\/\/lacuevadedominguez.net.pe\/index.php\/wp-json\/wp\/v2\/types\/post"}],"author":[{"embeddable":true,"href":"https:\/\/lacuevadedominguez.net.pe\/index.php\/wp-json\/wp\/v2\/users\/1"}],"replies":[{"embeddable":true,"href":"https:\/\/lacuevadedominguez.net.pe\/index.php\/wp-json\/wp\/v2\/comments?post=7053"}],"version-history":[{"count":1,"href":"https:\/\/lacuevadedominguez.net.pe\/index.php\/wp-json\/wp\/v2\/posts\/7053\/revisions"}],"predecessor-version":[{"id":7055,"href":"https:\/\/lacuevadedominguez.net.pe\/index.php\/wp-json\/wp\/v2\/posts\/7053\/revisions\/7055"}],"wp:featuredmedia":[{"embeddable":true,"href":"https:\/\/lacuevadedominguez.net.pe\/index.php\/wp-json\/wp\/v2\/media\/7054"}],"wp:attachment":[{"href":"https:\/\/lacuevadedominguez.net.pe\/index.php\/wp-json\/wp\/v2\/media?parent=7053"}],"wp:term":[{"taxonomy":"category","embeddable":true,"href":"https:\/\/lacuevadedominguez.net.pe\/index.php\/wp-json\/wp\/v2\/categories?post=7053"},{"taxonomy":"post_tag","embeddable":true,"href":"https:\/\/lacuevadedominguez.net.pe\/index.php\/wp-json\/wp\/v2\/tags?post=7053"}],"curies":[{"name":"wp","href":"https:\/\/api.w.org\/{rel}","templated":true}]}}