{"id":7081,"date":"2018-09-18T09:14:02","date_gmt":"2018-09-18T14:14:02","guid":{"rendered":"http:\/\/lacuevadedominguez.net.pe\/?p=7081"},"modified":"2018-09-18T09:14:02","modified_gmt":"2018-09-18T14:14:02","slug":"agenda-cultural-de-la-biblioteca-nacional","status":"publish","type":"post","link":"https:\/\/lacuevadedominguez.net.pe\/index.php\/2018\/09\/18\/agenda-cultural-de-la-biblioteca-nacional\/","title":{"rendered":"Agenda Cultural de la Biblioteca Nacional"},"content":{"rendered":"<div dir=\"auto\"><strong>Martes 18 de setiembre, 7:30 p. m.<\/strong><\/div>\n<div dir=\"auto\">LA FUGA DEL CHACAL \/ Augusto Tamayo, 1987<\/div>\n<div dir=\"auto\">\u201cEl Chacal\u201d es un delincuente lime\u00f1o que planea el frustrado y sangriento robo de una peluquer\u00eda. Por ello, ser\u00e1 perseguido por la polic\u00eda y pandillas, lo que har\u00e1 que huya a la selva, donde a su vez deber\u00e1 librarse de una banda de narcotraficantes.<\/div>\n<div dir=\"auto\">Duraci\u00f3n: 117 minutos.<\/div>\n<div dir=\"auto\">Teatro Auditorio Mario Vargas Llosa<\/div>\n<div dir=\"auto\">BNP \/ Av. De la Poes\u00eda 160, San Borja. Ingreso libre.<\/div>\n<div dir=\"auto\"><\/div>\n<div dir=\"auto\"><strong>Mi\u00e9rcoles 19 de setiembre, 7:30 p. m.<\/strong><\/div>\n<div dir=\"auto\">HOMENAJE AL MAESTRO JAIME GUARDIA<\/div>\n<div dir=\"auto\">Int\u00e9rpretes y ejecutantes del charango peruano se re\u00fanen para rendir un merecido homenaje a la memoria del gran maestro del charango Jaime Guardia, uno de los m\u00e1s grandes impulsores de la m\u00fasica tradicional andina.<\/div>\n<div dir=\"auto\">Contar\u00e1 con la participaci\u00f3n especial de Jos\u00e9 Guardia, heredero y sucesor del trabajo musical de su padre, quien ha incursionado en la industria musical con su producci\u00f3n como solista: \u00abAlboreando un sentimiento\u00bb.<\/div>\n<div dir=\"auto\">Participan: Justino Alvarado, Boris Villegas, Julio Humala Lema, Jos\u00e9 Meza Mu\u00f1oz, Pedro Arriola y Chano D\u00edaz Limaco.<\/div>\n<div dir=\"auto\">Teatro Auditorio Mario Vargas Llosa<\/div>\n<div dir=\"auto\">BNP\/ Av. De la Poes\u00eda 160, San Borja. Ingreso libre.<\/div>\n<div dir=\"auto\"><\/div>\n<div dir=\"auto\"><strong>Jueves 20 de setiembre, 7:30 p. m.<\/strong><\/div>\n<div dir=\"auto\">LA COLECCI\u00d3N DE LEGAJOS PERSONALES, DE LAS \u00d3RDENES GENERALES Y MEMORIAS DEL EJ\u00c9RCITO<\/div>\n<div dir=\"auto\">El Archivo Central del Ej\u00e9rcito alberga cinco mil legajos de oficiales que integraron el Ej\u00e9rcito peruano desde la Guerra de la Independencia hasta la Guerra del Cenepa. Estos legajos personales constituyen fuente indispensable para el estudio de guerras que ha enfrentado nuestro Ej\u00e9rcito.<\/div>\n<div dir=\"auto\">Expositora: Dra. Lourdes Medina Montoya<\/div>\n<div dir=\"auto\">Sala de Usos M\u00faltiples<\/div>\n<div dir=\"auto\">BNP \/ Av. De la Poes\u00eda 160, San Borja. Ingreso Libre.<\/div>\n<div dir=\"auto\"><\/div>\n<div dir=\"auto\"><strong>Viernes 21 de setiembre, 11:00 a. m.<\/strong><\/div>\n<div dir=\"auto\">SESI\u00d3N DE MEDIACI\u00d3N DE LECTURA EN LA GRAN BIBLIOTECA P\u00daBLICA DE LIMA<\/div>\n<div dir=\"auto\">Actividad organizada conjuntamente con la Direcci\u00f3n del Libro y la Lectura del Ministerio de Cultura, para el fomento de buenas pr\u00e1cticas lectoras en la Gran Biblioteca P\u00fablica de Lima. Los mediadores de lectura pondr\u00e1n en pr\u00e1ctica diversas estrategias y t\u00e9cnicas para estimular el h\u00e1bito lector en los ni\u00f1os. Dirigido a ni\u00f1os de educaci\u00f3n inicial y primaria.<\/div>\n<div dir=\"auto\">Mayor informaci\u00f3n a\u00a0<a href=\"mailto:apoyo05.debae@bnp.gob.pe\" target=\"_blank\" rel=\"noopener\">apoyo05.debae@bnp.gob.pe<\/a>\u00a0o al tel\u00e9fono 5136900 anexo 7661.<\/div>\n<div dir=\"auto\">Sala Escolar \u201cEdith Araujo de Merino\u201d \u2013 Sala Infantil \u201cAmalia Aubry de Eidson\u201d<\/div>\n<div dir=\"auto\">GBPL \/ Av. Abancay Cuadra 4, Lima. Ingreso libre<\/div>\n<div dir=\"auto\"><\/div>\n<div dir=\"auto\"><strong>Viernes 21 de setiembre, 6:30 p. m.<\/strong><\/div>\n<div dir=\"auto\">RECITAL PO\u00c9TICO DEL GRUPO NOBLE KATERBA<\/div>\n<div dir=\"auto\">Noble Katerba es un grupo de poetas de la Universidad Nacional Federico Villarreal que surgi\u00f3 en los a\u00f1os noventa con una propuesta po\u00e9tica nueva y desideologizada.<\/div>\n<div dir=\"auto\">Hablar\u00e1n de sus proyectos en curso y leer\u00e1n sus poemas y trabajos literarios que marcaron \u00e9poca en la historia literaria reciente.<\/div>\n<div dir=\"auto\">Hall de Intelectuales<\/div>\n<div dir=\"auto\">GBPL \/ Av. Abancay Cuadra 4, Lima. Ingreso libre<\/div>\n<div dir=\"auto\"><\/div>\n<div dir=\"auto\"><strong>S\u00e1bado 22 de setiembre, 3:00 p. m.<\/strong><\/div>\n<div dir=\"auto\">CUENTOS DE PRIMAVERA<\/div>\n<div dir=\"auto\">Actividad de narraci\u00f3n oral que tiene como objetivo destacar la literatura correspondiente a la estaci\u00f3n primaveral, a fin de crear conciencia en los ni\u00f1os sobre el cuidado del medio ambiente a trav\u00e9s de la lectura de cuentos.<\/div>\n<div dir=\"auto\">Sala Infantil \u201cAmalia Aubry de Eidson\u201d<\/div>\n<div dir=\"auto\">GBPL \/ Av. Abancay Cuadra 4, Lima. Ingreso libre<\/div>\n","protected":false},"excerpt":{"rendered":"<p>Martes 18 de setiembre, 7:30 p. m. LA FUGA DEL CHACAL \/ Augusto Tamayo, 1987 \u201cEl Chacal\u201d es un delincuente<\/p>\n","protected":false},"author":1,"featured_media":7082,"comment_status":"open","ping_status":"open","sticky":false,"template":"","format":"standard","meta":{"colormag_page_container_layout":"default_layout","colormag_page_sidebar_layout":"default_layout","footnotes":""},"categories":[2],"tags":[234,83,193],"class_list":["post-7081","post","type-post","status-publish","format-standard","has-post-thumbnail","hentry","category-eventos","tag-biblioteca-nacional-del-peru","tag-eventos","tag-turismo-historico"],"_links":{"self":[{"href":"https:\/\/lacuevadedominguez.net.pe\/index.php\/wp-json\/wp\/v2\/posts\/7081","targetHints":{"allow":["GET"]}}],"collection":[{"href":"https:\/\/lacuevadedominguez.net.pe\/index.php\/wp-json\/wp\/v2\/posts"}],"about":[{"href":"https:\/\/lacuevadedominguez.net.pe\/index.php\/wp-json\/wp\/v2\/types\/post"}],"author":[{"embeddable":true,"href":"https:\/\/lacuevadedominguez.net.pe\/index.php\/wp-json\/wp\/v2\/users\/1"}],"replies":[{"embeddable":true,"href":"https:\/\/lacuevadedominguez.net.pe\/index.php\/wp-json\/wp\/v2\/comments?post=7081"}],"version-history":[{"count":1,"href":"https:\/\/lacuevadedominguez.net.pe\/index.php\/wp-json\/wp\/v2\/posts\/7081\/revisions"}],"predecessor-version":[{"id":7083,"href":"https:\/\/lacuevadedominguez.net.pe\/index.php\/wp-json\/wp\/v2\/posts\/7081\/revisions\/7083"}],"wp:featuredmedia":[{"embeddable":true,"href":"https:\/\/lacuevadedominguez.net.pe\/index.php\/wp-json\/wp\/v2\/media\/7082"}],"wp:attachment":[{"href":"https:\/\/lacuevadedominguez.net.pe\/index.php\/wp-json\/wp\/v2\/media?parent=7081"}],"wp:term":[{"taxonomy":"category","embeddable":true,"href":"https:\/\/lacuevadedominguez.net.pe\/index.php\/wp-json\/wp\/v2\/categories?post=7081"},{"taxonomy":"post_tag","embeddable":true,"href":"https:\/\/lacuevadedominguez.net.pe\/index.php\/wp-json\/wp\/v2\/tags?post=7081"}],"curies":[{"name":"wp","href":"https:\/\/api.w.org\/{rel}","templated":true}]}}