{"id":7101,"date":"2018-09-20T10:39:14","date_gmt":"2018-09-20T15:39:14","guid":{"rendered":"http:\/\/lacuevadedominguez.net.pe\/?p=7101"},"modified":"2018-09-20T10:39:14","modified_gmt":"2018-09-20T15:39:14","slug":"air-canada-participo-en-la-expomina-peru-2018","status":"publish","type":"post","link":"https:\/\/lacuevadedominguez.net.pe\/index.php\/2018\/09\/20\/air-canada-participo-en-la-expomina-peru-2018\/","title":{"rendered":"Air Canada particip\u00f3 en la Expomina Per\u00fa 2018"},"content":{"rendered":"<p>Durante la <strong>Expomina Per\u00fa 2018,<\/strong> el principal encuentro empresarial minero del pa\u00eds, especializado en productos y servicios para la actividad minera, Patricia L\u00facar, gerente de Ventas de Air Canada, dijo que la presencia de la aerol\u00ednea se produce en concordancia con el pr\u00f3ximo PDAC -la convenci\u00f3n minera m\u00e1s importante del mundo- que se realizar\u00e1 del 03 al 06 de marzo del 2019 en Toronto. Como se sabe, <strong>Air Canada acaba de ser designada como la l\u00ednea a\u00e9rea oficial de tan importante evento, pues ofrece vuelos directos a Montreal como a Toronto.<\/strong><\/p>\n<p>El stand de Air Canada en la Expomina 2018 se ubic\u00f3 en el pabell\u00f3n de Canad\u00e1, hasta donde se acerc\u00f3 el p\u00fablico interesado en conocer sobre los vuelos directos al pa\u00eds del norte, as\u00ed como tambi\u00e9n sobre sus conexiones a Europa y Asia.<\/p>\n","protected":false},"excerpt":{"rendered":"<p>Durante la Expomina Per\u00fa 2018, el principal encuentro empresarial minero del pa\u00eds, especializado en productos y servicios para la actividad<\/p>\n","protected":false},"author":1,"featured_media":7102,"comment_status":"open","ping_status":"open","sticky":false,"template":"","format":"standard","meta":{"colormag_page_container_layout":"default_layout","colormag_page_sidebar_layout":"default_layout","footnotes":""},"categories":[2],"tags":[379,160,83,428,238],"class_list":["post-7101","post","type-post","status-publish","format-standard","has-post-thumbnail","hentry","category-eventos","tag-air-canada","tag-canada","tag-eventos","tag-expo-mina-peru","tag-lineas-aereas"],"_links":{"self":[{"href":"https:\/\/lacuevadedominguez.net.pe\/index.php\/wp-json\/wp\/v2\/posts\/7101","targetHints":{"allow":["GET"]}}],"collection":[{"href":"https:\/\/lacuevadedominguez.net.pe\/index.php\/wp-json\/wp\/v2\/posts"}],"about":[{"href":"https:\/\/lacuevadedominguez.net.pe\/index.php\/wp-json\/wp\/v2\/types\/post"}],"author":[{"embeddable":true,"href":"https:\/\/lacuevadedominguez.net.pe\/index.php\/wp-json\/wp\/v2\/users\/1"}],"replies":[{"embeddable":true,"href":"https:\/\/lacuevadedominguez.net.pe\/index.php\/wp-json\/wp\/v2\/comments?post=7101"}],"version-history":[{"count":1,"href":"https:\/\/lacuevadedominguez.net.pe\/index.php\/wp-json\/wp\/v2\/posts\/7101\/revisions"}],"predecessor-version":[{"id":7103,"href":"https:\/\/lacuevadedominguez.net.pe\/index.php\/wp-json\/wp\/v2\/posts\/7101\/revisions\/7103"}],"wp:featuredmedia":[{"embeddable":true,"href":"https:\/\/lacuevadedominguez.net.pe\/index.php\/wp-json\/wp\/v2\/media\/7102"}],"wp:attachment":[{"href":"https:\/\/lacuevadedominguez.net.pe\/index.php\/wp-json\/wp\/v2\/media?parent=7101"}],"wp:term":[{"taxonomy":"category","embeddable":true,"href":"https:\/\/lacuevadedominguez.net.pe\/index.php\/wp-json\/wp\/v2\/categories?post=7101"},{"taxonomy":"post_tag","embeddable":true,"href":"https:\/\/lacuevadedominguez.net.pe\/index.php\/wp-json\/wp\/v2\/tags?post=7101"}],"curies":[{"name":"wp","href":"https:\/\/api.w.org\/{rel}","templated":true}]}}