{"id":7141,"date":"2018-09-27T11:08:36","date_gmt":"2018-09-27T16:08:36","guid":{"rendered":"http:\/\/lacuevadedominguez.net.pe\/?p=7141"},"modified":"2018-09-28T10:09:54","modified_gmt":"2018-09-28T15:09:54","slug":"las-lineas-de-un-corazon-viajero","status":"publish","type":"post","link":"https:\/\/lacuevadedominguez.net.pe\/index.php\/2018\/09\/27\/las-lineas-de-un-corazon-viajero\/","title":{"rendered":"Las l\u00edneas de un coraz\u00f3n viajero"},"content":{"rendered":"<p><strong><em>Por: Cecilia Portella Morote<\/em><\/strong><\/p>\n<p>&nbsp;<\/p>\n<p>Pasi\u00f3n, esa es la palabra que describe la forma c\u00f3mo el coraz\u00f3n late, las ansias ebullen y la adrenalina se hace una con el alma&#8230; Y de pronto el avi\u00f3n despega, la lancha enciende motores, el bus toma la ruta y la calma regresa al cuerpo y cada mirada se vuelve c\u00f3mplice, y capta en mente y de manera pictogr\u00e1fica las im\u00e1genes que se convertir\u00e1n luego en palabras, en recuerdos, en la forma m\u00e1s viable de comunicar la experiencia vivida.<\/p>\n<p>Debo confesar que no me hice periodista para viajar y probar nuevas experiencias, pero el camino fue dictando los pasos a seguir. Cuando uno viaja, se va haciendo parte del lugar, no importa si se recorrieron unos cuantos kil\u00f3metros o si hubo que cruzar un gran charco. Se asumen responsabilidades que pocos entienden, lo que se diga o se deje de decir marcar\u00e1 pautas, que ser\u00e1n consideradas opiniones, con cierto valor intr\u00ednseco.<\/p>\n<p>No viajamos tanto como desear\u00edamos hacerlo, sin embargo cada experiencia es \u00fanica e irrepetible, aunque el destino sea siempre el mismo. No s\u00e9 si es cuesti\u00f3n de suerte pero el camino siempre est\u00e1 lleno de sorpresas, de personajes, de lugares, que se convierten inolvidables y se perennizan en la mente y quiz\u00e1s tambi\u00e9n en alguna de nuestras cr\u00f3nicas, que llegan a ustedes, por diversos medios. Con una sola persona que se encuentre con \u00e9stas, mis l\u00edneas, el mensaje ya estar\u00e1 dado y la misi\u00f3n cumplida.<\/p>\n<p>Parece f\u00e1cil, pero insisto, la responsabilidad es densa cuando se trata de comunicar&#8230;<\/p>\n<p>Ciudades, r\u00edos, monumentos, terminales terrestres, monta\u00f1as y hasta aeropuertos tienen en nuestro recuerdo, la caracter\u00edstica de la experiencia, aunque los nombres de \u00e9stos no se recuerden a cabalidad.<\/p>\n<p>S\u00f3lo como muestra\u2026 para m\u00ed, Cuenca en Ecuador es un cielo estrellado, montar a caballo, personas inolvidables, es poner al extremo la adrenalina de mis casi 50 a\u00f1os. Chimbote en Per\u00fa, es un buen ceviche, noches de pe\u00f1a, la bah\u00eda blanca. Santiago de Cuba, es color, m\u00fasica, son de tambores. Huancayo es trucha a la parrilla, lagunas incomparables, 366 fiestas al a\u00f1o. Torino en Italia, con sus delicados copos de nieve y ese impresionante fr\u00edo que calent\u00f3 mis historias. La Habana, Isla Coche, con playas paradis\u00edacas, donde el atrevimiento fue mayor que mi recato, y en donde me permit\u00ed conocer gente extraordinaria.<\/p>\n<p>En Cuba, una gran experiencia con periodistas y comunicadores del mundo, sin duda mi primer acercamiento importante con el Viejo Mundo y con parte entra\u00f1able de mi Am\u00e9rica del Sur. Y en Isla Margarita, con unos extraordinarios gu\u00edas, que hicieron de mis d\u00edas el mejor soporte de emociones diversas. Aqu\u00ed en casa, Satipo, sus paisajes alucinantes y mi descubrimiento del verdadero fruto del cacao, departir con colegas m\u00e1s j\u00f3venes me hizo apreciar mi experiencia y reconocerme en ellos.<\/p>\n<p>El camino sigue y seguimos sumando kil\u00f3metros\u2026 Desde Huacho con su arqueolog\u00eda poco difundida, m\u00edstica, que como un libro abierto nos cuenta historias; hasta Roma y mi primera experiencia con el transporte subterr\u00e1neo, mi gran encuentro a ciegas con Luis y el inicio de una gran amistad. Mis l\u00e1grimas frente a la imponencia del Coliseo Romano, una tocada musical mientras recorr\u00eda la Roma antigua y mi emoci\u00f3n traduci\u00e9ndose en locura.<\/p>\n<p>En Lima, Chiclayo, Piura, Ancash, Ayacucho, Talara, Cusco, Arequipa, maravillada con los paisajes, los espacios, con la cultura gastron\u00f3mica de cada uno de estos lugares que, aunque comparten la tradici\u00f3n de ser de las mejores cocinas del mundo, aportan, cada una, con sus peculiaridades, proyectando su sabor, biodiversidad e historia, por donde nos toque volver a experimentarla.<\/p>\n<p>Madrid, Le\u00f3n, Girona, Barcelona, mi sue\u00f1o hecho realidad. Que, obedeciendo solo a las ilusiones fueron construy\u00e9ndose en m\u00e1s que un destino para m\u00ed. Inolvidables encuentros en Madrid, las primeras cervezas, los esperados abrazos. Cadaqu\u00e9s, Besal\u00fa, Setcases, en Girona fue mi experiencia con volver a sentirme en familia, a\u00fan m\u00e1s all\u00e1 de la sangre. Cada amigo se constituy\u00f3 en un encuentro con la emoci\u00f3n a flor de piel. El medioevo se abri\u00f3 ante mis ojos, el Mediterr\u00e1neo y mis sue\u00f1os con \u00e9l. Una creme catalana que fue lo m\u00e1s sublime que mi paladar y mis ilusiones probaron.<\/p>\n<p>El punto de salida del Camino a Santiago, los campos y el horizonte que no dejaban de sorprenderme, en Le\u00f3n: Los vitrales de una catedral admirada, la noche de viernes en el Barrio H\u00famedo. Y la iglesia del pueblo en donde escuch\u00e9 los nombres de mis padres, que acompa\u00f1aron mi camino paso a paso.<\/p>\n<p>A pocos kil\u00f3metros de casa, o cruzando mares; volando o remando, en moto, caminando, viendo de d\u00eda el camino o sinti\u00e9ndolo de noche como enceguecida por la emoci\u00f3n, si volviera a nacer elegir\u00eda ser periodista nuevamente; intentando llevar un poco de lo m\u00edo a donde vaya, porque hacer turismo, ser turista, vender turismo, es SIEMPRE UNA RESPONSABILIDAD, porque llevas tu propia cultura a cuestas, en la piel, en las palabras, en tus actos, y dejas un poco de ella a d\u00f3nde vas&#8230; Y al regresar, vuelves con lo mismo, y m\u00e1s.<\/p>\n<p>Ser periodista de turismo te hace propenso a correr muchos riesgos, el principal de estos, es el riesgo de querer quedarte en el lugar que acabas de conocer.<\/p>\n<p>&nbsp;<\/p>\n<p><img loading=\"lazy\" decoding=\"async\" class=\"alignnone size-medium wp-image-7153 aligncenter\" src=\"https:\/\/lacuevadedominguez.net.pe\/wp-content\/uploads\/2018\/09\/cadaq-300x224.jpg\" alt=\"\" width=\"300\" height=\"224\" title=\"\" srcset=\"https:\/\/lacuevadedominguez.net.pe\/wp-content\/uploads\/2018\/09\/cadaq-300x224.jpg 300w, https:\/\/lacuevadedominguez.net.pe\/wp-content\/uploads\/2018\/09\/cadaq.jpg 500w\" sizes=\"auto, (max-width: 300px) 100vw, 300px\" \/><\/p>\n<p><img loading=\"lazy\" decoding=\"async\" class=\"alignnone size-medium wp-image-7154 aligncenter\" src=\"https:\/\/lacuevadedominguez.net.pe\/wp-content\/uploads\/2018\/09\/colosso-300x225.jpg\" alt=\"\" width=\"300\" height=\"225\" title=\"\" srcset=\"https:\/\/lacuevadedominguez.net.pe\/wp-content\/uploads\/2018\/09\/colosso-300x225.jpg 300w, https:\/\/lacuevadedominguez.net.pe\/wp-content\/uploads\/2018\/09\/colosso.jpg 500w\" sizes=\"auto, (max-width: 300px) 100vw, 300px\" \/><\/p>\n<p><img loading=\"lazy\" decoding=\"async\" class=\"alignnone size-medium wp-image-7155 aligncenter\" src=\"https:\/\/lacuevadedominguez.net.pe\/wp-content\/uploads\/2018\/09\/CUENCA-2016-300x180.jpg\" alt=\"\" width=\"300\" height=\"180\" title=\"\" srcset=\"https:\/\/lacuevadedominguez.net.pe\/wp-content\/uploads\/2018\/09\/CUENCA-2016-300x180.jpg 300w, https:\/\/lacuevadedominguez.net.pe\/wp-content\/uploads\/2018\/09\/CUENCA-2016.jpg 500w\" sizes=\"auto, (max-width: 300px) 100vw, 300px\" \/><\/p>\n<p><img loading=\"lazy\" decoding=\"async\" class=\"alignnone size-medium wp-image-7156 aligncenter\" src=\"https:\/\/lacuevadedominguez.net.pe\/wp-content\/uploads\/2018\/09\/fitcuba-300x168.jpg\" alt=\"\" width=\"300\" height=\"168\" title=\"\" srcset=\"https:\/\/lacuevadedominguez.net.pe\/wp-content\/uploads\/2018\/09\/fitcuba-300x168.jpg 300w, https:\/\/lacuevadedominguez.net.pe\/wp-content\/uploads\/2018\/09\/fitcuba.jpg 500w\" sizes=\"auto, (max-width: 300px) 100vw, 300px\" \/><\/p>\n<p><img loading=\"lazy\" decoding=\"async\" class=\"alignnone size-medium wp-image-7157 aligncenter\" src=\"https:\/\/lacuevadedominguez.net.pe\/wp-content\/uploads\/2018\/09\/giorna-224x300.jpg\" alt=\"\" width=\"224\" height=\"300\" title=\"\" srcset=\"https:\/\/lacuevadedominguez.net.pe\/wp-content\/uploads\/2018\/09\/giorna-224x300.jpg 224w, https:\/\/lacuevadedominguez.net.pe\/wp-content\/uploads\/2018\/09\/giorna.jpg 374w\" sizes=\"auto, (max-width: 224px) 100vw, 224px\" \/><\/p>\n<p><img loading=\"lazy\" decoding=\"async\" class=\"alignnone size-medium wp-image-7158 aligncenter\" src=\"https:\/\/lacuevadedominguez.net.pe\/wp-content\/uploads\/2018\/09\/nieve-300x224.jpg\" alt=\"\" width=\"300\" height=\"224\" title=\"\" srcset=\"https:\/\/lacuevadedominguez.net.pe\/wp-content\/uploads\/2018\/09\/nieve-300x224.jpg 300w, https:\/\/lacuevadedominguez.net.pe\/wp-content\/uploads\/2018\/09\/nieve.jpg 500w\" sizes=\"auto, (max-width: 300px) 100vw, 300px\" \/><\/p>\n<p><img loading=\"lazy\" decoding=\"async\" class=\"alignnone size-medium wp-image-7160 aligncenter\" src=\"https:\/\/lacuevadedominguez.net.pe\/wp-content\/uploads\/2018\/09\/portella-300x224.jpg\" alt=\"\" width=\"300\" height=\"224\" title=\"\" srcset=\"https:\/\/lacuevadedominguez.net.pe\/wp-content\/uploads\/2018\/09\/portella-300x224.jpg 300w, https:\/\/lacuevadedominguez.net.pe\/wp-content\/uploads\/2018\/09\/portella.jpg 500w\" sizes=\"auto, (max-width: 300px) 100vw, 300px\" \/><\/p>\n<p><img loading=\"lazy\" decoding=\"async\" class=\"alignnone size-medium wp-image-7161 aligncenter\" src=\"https:\/\/lacuevadedominguez.net.pe\/wp-content\/uploads\/2018\/09\/visitcuenca-300x300.jpg\" alt=\"\" width=\"300\" height=\"300\" title=\"\" srcset=\"https:\/\/lacuevadedominguez.net.pe\/wp-content\/uploads\/2018\/09\/visitcuenca-300x300.jpg 300w, https:\/\/lacuevadedominguez.net.pe\/wp-content\/uploads\/2018\/09\/visitcuenca-150x150.jpg 150w, https:\/\/lacuevadedominguez.net.pe\/wp-content\/uploads\/2018\/09\/visitcuenca.jpg 480w\" sizes=\"auto, (max-width: 300px) 100vw, 300px\" \/><\/p>\n","protected":false},"excerpt":{"rendered":"<p>Por: Cecilia Portella Morote &nbsp; Pasi\u00f3n, esa es la palabra que describe la forma c\u00f3mo el coraz\u00f3n late, las ansias<\/p>\n","protected":false},"author":1,"featured_media":7142,"comment_status":"open","ping_status":"open","sticky":false,"template":"","format":"standard","meta":{"colormag_page_container_layout":"default_layout","colormag_page_sidebar_layout":"default_layout","footnotes":""},"categories":[11],"tags":[309,49,231,76,103,45,354,93],"class_list":["post-7141","post","type-post","status-publish","format-standard","has-post-thumbnail","hentry","category-turismo","tag-cecilia-portella-morote","tag-cuba","tag-dia-mundial-del-turismo","tag-espana","tag-italia","tag-turismo","tag-turismo-venezuela","tag-venezuela"],"_links":{"self":[{"href":"https:\/\/lacuevadedominguez.net.pe\/index.php\/wp-json\/wp\/v2\/posts\/7141","targetHints":{"allow":["GET"]}}],"collection":[{"href":"https:\/\/lacuevadedominguez.net.pe\/index.php\/wp-json\/wp\/v2\/posts"}],"about":[{"href":"https:\/\/lacuevadedominguez.net.pe\/index.php\/wp-json\/wp\/v2\/types\/post"}],"author":[{"embeddable":true,"href":"https:\/\/lacuevadedominguez.net.pe\/index.php\/wp-json\/wp\/v2\/users\/1"}],"replies":[{"embeddable":true,"href":"https:\/\/lacuevadedominguez.net.pe\/index.php\/wp-json\/wp\/v2\/comments?post=7141"}],"version-history":[{"count":4,"href":"https:\/\/lacuevadedominguez.net.pe\/index.php\/wp-json\/wp\/v2\/posts\/7141\/revisions"}],"predecessor-version":[{"id":7162,"href":"https:\/\/lacuevadedominguez.net.pe\/index.php\/wp-json\/wp\/v2\/posts\/7141\/revisions\/7162"}],"wp:featuredmedia":[{"embeddable":true,"href":"https:\/\/lacuevadedominguez.net.pe\/index.php\/wp-json\/wp\/v2\/media\/7142"}],"wp:attachment":[{"href":"https:\/\/lacuevadedominguez.net.pe\/index.php\/wp-json\/wp\/v2\/media?parent=7141"}],"wp:term":[{"taxonomy":"category","embeddable":true,"href":"https:\/\/lacuevadedominguez.net.pe\/index.php\/wp-json\/wp\/v2\/categories?post=7141"},{"taxonomy":"post_tag","embeddable":true,"href":"https:\/\/lacuevadedominguez.net.pe\/index.php\/wp-json\/wp\/v2\/tags?post=7141"}],"curies":[{"name":"wp","href":"https:\/\/api.w.org\/{rel}","templated":true}]}}