{"id":7163,"date":"2018-09-28T11:30:39","date_gmt":"2018-09-28T16:30:39","guid":{"rendered":"http:\/\/lacuevadedominguez.net.pe\/?p=7163"},"modified":"2018-09-28T10:35:22","modified_gmt":"2018-09-28T15:35:22","slug":"marcas-que-han-suscrito-el-pacto-mundial-de-la-onu-por-un-turismo-sostenible","status":"publish","type":"post","link":"https:\/\/lacuevadedominguez.net.pe\/index.php\/2018\/09\/28\/marcas-que-han-suscrito-el-pacto-mundial-de-la-onu-por-un-turismo-sostenible\/","title":{"rendered":"Marcas que han suscrito el Pacto Mundial de NN.UU por un turismo sostenible"},"content":{"rendered":"<p>Recientemente y con motivo de celebrarse el <strong>D\u00eda Mundial del Turismo, promovido por la Asamblea General de las Naciones Unidas<\/strong> y dedicado en 2018 a la <strong>transformaci\u00f3n digital del sector,<\/strong> <em>\u201cJuntos por un Turismo Responsable y Sostenible\u201d, <\/em>marcas vinculadas al turismo, firmaron un acuerdo, cuyo principal objetivo es difundir la importancia de la actividad, de manera responsable, bajo el convencimiento de que el sector tur\u00edstico ha de jugar un papel clave en la consecuci\u00f3n de los <strong>Objetivos de Desarrollo Sostenible (ODS) de Naciones Unidas.<\/strong><\/p>\n<p>Una de las m\u00e1s destacadas presencias fue la del <strong>Grupo Pi\u00f1ero<\/strong>, firmante desde 2017 del <strong>Pacto Mundial de Naciones Unidas<\/strong> e integrante de su grupo de trabajo de turismo en Espa\u00f1a, que basar\u00e1 su respaldo a la campa\u00f1a en la difusi\u00f3n de los beneficios del turismo responsable entre sus clientes y sus m\u00e1s de 14.700 empleados a trav\u00e9s de los <em>hashtags<\/em> <a href=\"https:\/\/twitter.com\/search\/?q=%23yosoyviajeroresponsable\" target=\"_blank\" rel=\"noopener\">#yosoyviajeroresponsable<\/a> y <a href=\"https:\/\/twitter.com\/search\/?q=%23turismoyods\" target=\"_blank\" rel=\"noopener\">#turismoyODS<\/a>.<\/p>\n<p><strong>Antonia Del Toro,\u00a0Directora de Responsabilidad Social Corporativa de Grupo Pi\u00f1ero<\/strong>, coment\u00f3 que \u201cla adhesi\u00f3n a esta campa\u00f1a da continuidad al firme compromiso con la sostenibilidad contra\u00eddo por Grupo Pi\u00f1ero en 2015, en virtud del cual el a\u00f1o pasado integramos en nuestro plan de negocio la contribuci\u00f3n a los Objetivos de Desarrollo Sostenible de Naciones Unidas\u201d.<\/p>\n<p>En concreto, la compa\u00f1\u00eda con sede en <strong>Palma de Mallorca<\/strong>, l\u00edder en el segmento vacacional en el Caribe y presente en toda la cadena de valor de la industria de los viajes a trav\u00e9s de marcas como <strong>Bahia Principe Hotels &amp; Resorts o Soltour,<\/strong> orienta su estrategia de Responsabilidad Social Corporativa a la contribuci\u00f3n a los <strong>17 ODS<\/strong>, enfoc\u00e1ndose principalmente en los objetivos relacionados con el fin de la pobreza; la salud y bienestar, la educaci\u00f3n de calidad, el trabajo decente y crecimiento econ\u00f3mico, la producci\u00f3n y consumo responsables y la acci\u00f3n por el clima.<\/p>\n<p>&nbsp;<\/p>\n","protected":false},"excerpt":{"rendered":"<p>Recientemente y con motivo de celebrarse el D\u00eda Mundial del Turismo, promovido por la Asamblea General de las Naciones Unidas<\/p>\n","protected":false},"author":1,"featured_media":7164,"comment_status":"open","ping_status":"open","sticky":false,"template":"","format":"standard","meta":{"colormag_page_container_layout":"default_layout","colormag_page_sidebar_layout":"default_layout","footnotes":""},"categories":[11],"tags":[453,434,309,231,407,76,451,452,432,210],"class_list":["post-7163","post","type-post","status-publish","format-standard","has-post-thumbnail","hentry","category-turismo","tag-asamblea-general-de-las-naciones-unidas","tag-bahia-principe-hotels-resorts","tag-cecilia-portella-morote","tag-dia-mundial-del-turismo","tag-el-caribe","tag-espana","tag-grupo-pineiro","tag-palma-de-mallorca","tag-turismo-en-el-caribe","tag-turismo-sostenible"],"_links":{"self":[{"href":"https:\/\/lacuevadedominguez.net.pe\/index.php\/wp-json\/wp\/v2\/posts\/7163","targetHints":{"allow":["GET"]}}],"collection":[{"href":"https:\/\/lacuevadedominguez.net.pe\/index.php\/wp-json\/wp\/v2\/posts"}],"about":[{"href":"https:\/\/lacuevadedominguez.net.pe\/index.php\/wp-json\/wp\/v2\/types\/post"}],"author":[{"embeddable":true,"href":"https:\/\/lacuevadedominguez.net.pe\/index.php\/wp-json\/wp\/v2\/users\/1"}],"replies":[{"embeddable":true,"href":"https:\/\/lacuevadedominguez.net.pe\/index.php\/wp-json\/wp\/v2\/comments?post=7163"}],"version-history":[{"count":2,"href":"https:\/\/lacuevadedominguez.net.pe\/index.php\/wp-json\/wp\/v2\/posts\/7163\/revisions"}],"predecessor-version":[{"id":7166,"href":"https:\/\/lacuevadedominguez.net.pe\/index.php\/wp-json\/wp\/v2\/posts\/7163\/revisions\/7166"}],"wp:featuredmedia":[{"embeddable":true,"href":"https:\/\/lacuevadedominguez.net.pe\/index.php\/wp-json\/wp\/v2\/media\/7164"}],"wp:attachment":[{"href":"https:\/\/lacuevadedominguez.net.pe\/index.php\/wp-json\/wp\/v2\/media?parent=7163"}],"wp:term":[{"taxonomy":"category","embeddable":true,"href":"https:\/\/lacuevadedominguez.net.pe\/index.php\/wp-json\/wp\/v2\/categories?post=7163"},{"taxonomy":"post_tag","embeddable":true,"href":"https:\/\/lacuevadedominguez.net.pe\/index.php\/wp-json\/wp\/v2\/tags?post=7163"}],"curies":[{"name":"wp","href":"https:\/\/api.w.org\/{rel}","templated":true}]}}