{"id":7224,"date":"2018-10-12T09:51:47","date_gmt":"2018-10-12T14:51:47","guid":{"rendered":"http:\/\/lacuevadedominguez.net.pe\/?p=7224"},"modified":"2018-10-12T09:35:05","modified_gmt":"2018-10-12T14:35:05","slug":"viii-expo-cafe-peru-2018-reune-a-mas-de-150-expositores-del-sector","status":"publish","type":"post","link":"https:\/\/lacuevadedominguez.net.pe\/index.php\/2018\/10\/12\/viii-expo-cafe-peru-2018-reune-a-mas-de-150-expositores-del-sector\/","title":{"rendered":"VIII Expo Caf\u00e9 Per\u00fa 2018 re\u00fane a m\u00e1s de 150 expositores del sector"},"content":{"rendered":"<p style=\"font-weight: 400;\">Con m\u00e1s de 10 mil personas, as\u00ed como la participaci\u00f3n de 15 pa\u00edses y 150 empresas expositoras de diferentes productos y servicios, se realiza la <strong>VIII Expo Caf\u00e9 Per\u00fa 2018<\/strong>, en el Centro de Convenciones de Lima, en el distrito de San Borja. Este evento tendr\u00e1 su cierre, el s\u00e1bado 13.<\/p>\n<p style=\"font-weight: 400;\">Como parte de las actividades que ofrece la Expo Caf\u00e9 Peru 2018, <strong>hoy viernes 12 se realizar\u00e1 la Premiaci\u00f3n de la Segunda Taza de Excelencia Per\u00fa 2018.<\/strong> El ganador se llevar\u00e1 el t\u00edtulo del mejor caf\u00e9 del Per\u00fa y ser\u00e1 parte de una subasta internacional.<\/p>\n<p style=\"font-weight: 400;\">En el marco de esta feria, se realizar\u00e1 el <strong>V Simposio de la industria del caf\u00e9<\/strong>, en el que participar\u00e1n destacados representantes cafetaleros a nivel mundial.<\/p>\n<p style=\"font-weight: 400;\">Asimismo destacan las\u00a0<strong>Competencias de Barista Latte Art y el Bartenders Coffee &amp; Spirits, que son organizadas de manera conjunta con el Instituto Le Cordon Bleu Per\u00fa<\/strong> y son eventos totalmente abiertos a todos los<strong> baristas, bartenders<\/strong> y p\u00fablico en general. Tambi\u00e9n se realizar\u00e1n diversas charlas y demostraciones sobre producci\u00f3n, preparaci\u00f3n y cataci\u00f3n de caf\u00e9, con el objetivo de fortalecer la cultura cafetalera en el pa\u00eds.<\/p>\n<p style=\"font-weight: 400;\">La oferta de esta feria se complementa con la <strong>Rueda de Negocios, organizada de manera conjunta con PROMPERU,<\/strong> con el objetivo de poner en contacto a todos los agentes que intervienen en la cadena de valor y comercializaci\u00f3n del caf\u00e9, as\u00ed como la venta de productos de los expositores participantes.<\/p>\n<p style=\"font-weight: 400;\"><strong>Expo Caf\u00e9 Per\u00fa 2018 atender\u00e1 desde las 11 de la ma\u00f1ana hasta las 9 de la noche. Las entradas est\u00e1n a la venta en Teleticket, con un costo de 15 soles (p\u00fablico en general) y 10 soles para estudiantes.<\/strong><\/p>\n","protected":false},"excerpt":{"rendered":"<p>Con m\u00e1s de 10 mil personas, as\u00ed como la participaci\u00f3n de 15 pa\u00edses y 150 empresas expositoras de diferentes productos<\/p>\n","protected":false},"author":1,"featured_media":7225,"comment_status":"open","ping_status":"open","sticky":false,"template":"","format":"standard","meta":{"colormag_page_container_layout":"default_layout","colormag_page_sidebar_layout":"default_layout","footnotes":""},"categories":[2],"tags":[475,476,269,417,416,83,270,58,478,299,301,477],"class_list":["post-7224","post","type-post","status-publish","format-standard","has-post-thumbnail","hentry","category-eventos","tag-baristas","tag-bartender","tag-cafe-peruano","tag-camara-peruana-de-cafe-y-cacao","tag-centro-de-convenciones-de-lima","tag-eventos","tag-expo-cafe-peru","tag-gastronomia","tag-instituto-le-cordon-bleu","tag-junta-nacional-del-cafe","tag-plataforma-nacional-del-cafe","tag-teleticket"],"_links":{"self":[{"href":"https:\/\/lacuevadedominguez.net.pe\/index.php\/wp-json\/wp\/v2\/posts\/7224","targetHints":{"allow":["GET"]}}],"collection":[{"href":"https:\/\/lacuevadedominguez.net.pe\/index.php\/wp-json\/wp\/v2\/posts"}],"about":[{"href":"https:\/\/lacuevadedominguez.net.pe\/index.php\/wp-json\/wp\/v2\/types\/post"}],"author":[{"embeddable":true,"href":"https:\/\/lacuevadedominguez.net.pe\/index.php\/wp-json\/wp\/v2\/users\/1"}],"replies":[{"embeddable":true,"href":"https:\/\/lacuevadedominguez.net.pe\/index.php\/wp-json\/wp\/v2\/comments?post=7224"}],"version-history":[{"count":1,"href":"https:\/\/lacuevadedominguez.net.pe\/index.php\/wp-json\/wp\/v2\/posts\/7224\/revisions"}],"predecessor-version":[{"id":7226,"href":"https:\/\/lacuevadedominguez.net.pe\/index.php\/wp-json\/wp\/v2\/posts\/7224\/revisions\/7226"}],"wp:featuredmedia":[{"embeddable":true,"href":"https:\/\/lacuevadedominguez.net.pe\/index.php\/wp-json\/wp\/v2\/media\/7225"}],"wp:attachment":[{"href":"https:\/\/lacuevadedominguez.net.pe\/index.php\/wp-json\/wp\/v2\/media?parent=7224"}],"wp:term":[{"taxonomy":"category","embeddable":true,"href":"https:\/\/lacuevadedominguez.net.pe\/index.php\/wp-json\/wp\/v2\/categories?post=7224"},{"taxonomy":"post_tag","embeddable":true,"href":"https:\/\/lacuevadedominguez.net.pe\/index.php\/wp-json\/wp\/v2\/tags?post=7224"}],"curies":[{"name":"wp","href":"https:\/\/api.w.org\/{rel}","templated":true}]}}