{"id":7287,"date":"2018-10-24T11:26:22","date_gmt":"2018-10-24T16:26:22","guid":{"rendered":"http:\/\/lacuevadedominguez.net.pe\/?p=7287"},"modified":"2018-10-25T20:09:49","modified_gmt":"2018-10-26T01:09:49","slug":"almeria-fue-proclamada-capital-espanola-de-la-gastronomia-2019","status":"publish","type":"post","link":"https:\/\/lacuevadedominguez.net.pe\/index.php\/2018\/10\/24\/almeria-fue-proclamada-capital-espanola-de-la-gastronomia-2019\/","title":{"rendered":"Almer\u00eda fue proclamada Capital Espa\u00f1ola de la Gastronom\u00eda 2019"},"content":{"rendered":"<p>En un evento anual que promueven la <strong>Federaci\u00f3n Espa\u00f1ola de Hosteler\u00eda (FEHR) y la Federaci\u00f3n Espa\u00f1ola de Periodistas y Escritores de Turismo (Fepet), Almer\u00eda fue proclamada como la Capital Espa\u00f1ola de la Gastronom\u00eda para el a\u00f1o 2019, <\/strong>sucediendo a la provincia de Le\u00f3n, que culminar\u00e1 su capitalidad en diciembre del presente a\u00f1o.<\/p>\n<p>El jurado para la elecci\u00f3n anual de esta nominaci\u00f3n, est\u00e1 compuesto por representantes de las entidades colaboradoras, como <strong>Fepet (Mariano Palac\u00edn), la Organizaci\u00f3n Mundial del Turismo (Jaime Cabal, secretario general adjunto), o EuroToques (Ana Larra\u00f1aga, delegada)<\/strong>; y representantes institucionales como<strong> Isabel Oliver, Secretaria de Estado de Turismo; o Jos\u00e9 Miguel Herrero, director general de Industria Alimentaria.<\/strong> Adem\u00e1s, <strong>este a\u00f1o se ha decidido incorporar a un representante del municipio que ostenta en el presente la Capitalidad, en este caso Le\u00f3n, al jurado de selecci\u00f3n.<\/strong><\/p>\n<p>Durante el acto de elecci\u00f3n de la Capital de 2019 se aclar\u00f3 que el proyecto de Capital Espa\u00f1ola de la Gastronom\u00eda es una efectiv\u00edsima plataforma de promoci\u00f3n del turismo gastron\u00f3mico. <strong>Las ciudades participantes en sus tan solo 7 ediciones (Logro\u00f1o, Vitoria, C\u00e1ceres, Toledo, Huelva y Burgos) han visto crecer su n\u00famero de visitantes<\/strong> y su facturaci\u00f3n hostelera, posicion\u00e1ndose en el mapa gastron\u00f3mico espa\u00f1ol.<\/p>\n<p>Mariano Palac\u00edn, representante de la\u00a0<strong>Federaci\u00f3n Espa\u00f1ola de Periodistas y Escritores de Turismo (Fepet)<\/strong>\u00a0coment\u00f3 que Almer\u00eda planea \u00abuna oferta de actividades arrolladora, con m\u00e1s de 300 actos\u00bb y que la \u00abfuerza\u00bb con la que ha lanzado su candidatura \u00abha debilitado a otras posibles candidatas que pensar\u00edan que posiblemente no iban a ganar en un a\u00f1o, 2019, que es electoral\u00bb.<\/p>\n<p>Adem\u00e1s de ser <strong>\u00abla huerta que abastece a toda Europa\u00bb,<\/strong> el jurado ha valorado de Almer\u00eda su gastronom\u00eda \u00abque combina mar y tierra\u00bb, productos estrella como la gamba roja de Garrucha o el pulpo seco, <strong>platos tradicionales como los gurullos, las migas y la olla de trigo y que se trata del \u00abimperio de las tapas\u00bb, lo que \u00abpermite comer muy bien por seis o siete euros\u00bb.<\/strong><\/p>\n<p>Tambi\u00e9n que <strong>en su oferta hostelera conviven la tradici\u00f3n y la innovaci\u00f3n en una ciudad que por primera vez lleva la Capital Espa\u00f1ola de la Gastronom\u00eda al Mediterr\u00e1neo y por segunda a Andaluc\u00eda<\/strong>, ya que tambi\u00e9n ha ostentado este t\u00edtulo Huelva.<\/p>\n<p>La candidatura #Almer\u00eda2019 lo celebr\u00f3 a continuaci\u00f3n en redes sociales: \u00abYa es oficial&#8230;\u00a0\u00a1#Almeria2019 ser\u00e1 una realidad!\u00bb \u00ab#Almer\u00eda ser\u00e1 Capital Espa\u00f1ola de la Gastronom\u00eda en 2019. \u00a1\u00a1\u00a1\u00a1Lo hemos conseguido!!!!\u00bb.<\/p>\n<p>&nbsp;<\/p>\n<p><em>Fuente: EFE y excelenciasgourmet.com<\/em><\/p>\n","protected":false},"excerpt":{"rendered":"<p>En un evento anual que promueven la Federaci\u00f3n Espa\u00f1ola de Hosteler\u00eda (FEHR) y la Federaci\u00f3n Espa\u00f1ola de Periodistas y Escritores<\/p>\n","protected":false},"author":1,"featured_media":7288,"comment_status":"open","ping_status":"open","sticky":false,"template":"","format":"standard","meta":{"colormag_page_container_layout":"default_layout","colormag_page_sidebar_layout":"default_layout","footnotes":""},"categories":[3],"tags":[530,151,309,220,531,245,265,464,152],"class_list":["post-7287","post","type-post","status-publish","format-standard","has-post-thumbnail","hentry","category-lifestyle","tag-almeria","tag-capital-espanola-de-la-gastronomia","tag-cecilia-portella-morote","tag-federacion-espanola-de-hosteleria","tag-federacion-espanola-de-periodistas-y-escritores-de-turismo","tag-gastronomia-espanola","tag-la-cueva-de-dominguez","tag-prensa-gastronomica","tag-turismo-gastronomico"],"_links":{"self":[{"href":"https:\/\/lacuevadedominguez.net.pe\/index.php\/wp-json\/wp\/v2\/posts\/7287","targetHints":{"allow":["GET"]}}],"collection":[{"href":"https:\/\/lacuevadedominguez.net.pe\/index.php\/wp-json\/wp\/v2\/posts"}],"about":[{"href":"https:\/\/lacuevadedominguez.net.pe\/index.php\/wp-json\/wp\/v2\/types\/post"}],"author":[{"embeddable":true,"href":"https:\/\/lacuevadedominguez.net.pe\/index.php\/wp-json\/wp\/v2\/users\/1"}],"replies":[{"embeddable":true,"href":"https:\/\/lacuevadedominguez.net.pe\/index.php\/wp-json\/wp\/v2\/comments?post=7287"}],"version-history":[{"count":1,"href":"https:\/\/lacuevadedominguez.net.pe\/index.php\/wp-json\/wp\/v2\/posts\/7287\/revisions"}],"predecessor-version":[{"id":7289,"href":"https:\/\/lacuevadedominguez.net.pe\/index.php\/wp-json\/wp\/v2\/posts\/7287\/revisions\/7289"}],"wp:featuredmedia":[{"embeddable":true,"href":"https:\/\/lacuevadedominguez.net.pe\/index.php\/wp-json\/wp\/v2\/media\/7288"}],"wp:attachment":[{"href":"https:\/\/lacuevadedominguez.net.pe\/index.php\/wp-json\/wp\/v2\/media?parent=7287"}],"wp:term":[{"taxonomy":"category","embeddable":true,"href":"https:\/\/lacuevadedominguez.net.pe\/index.php\/wp-json\/wp\/v2\/categories?post=7287"},{"taxonomy":"post_tag","embeddable":true,"href":"https:\/\/lacuevadedominguez.net.pe\/index.php\/wp-json\/wp\/v2\/tags?post=7287"}],"curies":[{"name":"wp","href":"https:\/\/api.w.org\/{rel}","templated":true}]}}