{"id":7319,"date":"2018-10-30T10:19:15","date_gmt":"2018-10-30T15:19:15","guid":{"rendered":"http:\/\/lacuevadedominguez.net.pe\/?p=7319"},"modified":"2018-10-30T08:51:59","modified_gmt":"2018-10-30T13:51:59","slug":"la-asociacion-de-ferias-del-peru-afep-ya-forma-parte-de-la-ufi-ferias-del-mundo","status":"publish","type":"post","link":"https:\/\/lacuevadedominguez.net.pe\/index.php\/2018\/10\/30\/la-asociacion-de-ferias-del-peru-afep-ya-forma-parte-de-la-ufi-ferias-del-mundo\/","title":{"rendered":"La Asociaci\u00f3n de Ferias del Per\u00fa (AFEP) ya forma parte de la UFI (ferias del mundo)"},"content":{"rendered":"<p style=\"font-weight: 400;\"><strong>La Asociaci\u00f3n de Ferias del Per\u00fa (AFEP)<\/strong>, anunci\u00f3 que se ha integrado oficialmente a una de las mayores asociaciones de ferias en el mundo denominada <strong>UFI -Asociaci\u00f3n\u00a0<em>Global de la Industria<\/em>\u00a0Ferial y de\u00a0<em>Exposiciones-<\/em>,<\/strong> organizaci\u00f3n que aglutina a los <strong>operadores y organizadores de ferias a nivel mundial integrada por 630 miembros de 85 pa\u00edses.<\/strong><\/p>\n<p style=\"font-weight: 400;\">\u201cNos complace haber concretado esta importante afiliaci\u00f3n a UFI, una\u00a0 de las mayores plataformas de promoci\u00f3n ferial en el mundo. Ahora, nuestros asociados podr\u00e1n beneficiarse de sus actividades en el mundo, a trav\u00e9s de AFEP. Se trata de una organizaci\u00f3n muy activa y estoy segura que sabremos aprovechar esta alianza\u201d, dijo Luisa Mesones, presidente de AFEP.<\/p>\n<p style=\"font-weight: 400;\">Agreg\u00f3 que representantes de UFI visitaron el Per\u00fa y tomaron contacto con AFEP pues estaban muy interesados en conocer de cerca el desenvolvimiento de la industria ferial en el Per\u00fa y tener contacto con sus representantes. Luego de las evaluaciones correspondientes aceptaron el ingreso de AFEP. \u201c<strong>UFI hizo las evaluaciones correspondientes y en el proceso tuvimos el apoyo de asociados claves de UFI como INEXMODA (Colombia), IFEMA (Espa\u00f1a) y Mesa de Frankfurt (Argentina)\u201d, sostuvo Mesones.<\/strong><\/p>\n<p style=\"font-weight: 400;\">Luisa Mesones explic\u00f3 que UFI organiza peri\u00f3dicamente congresos y eventos de capacitaci\u00f3n para organizadores y proveedores feriales con el objetivo de elevar los est\u00e1ndares de las ferias en el mundo. \u201cComo AFEP vamos a participar en congresos mundiales e intercambiar con otros organizadores y centros de exposici\u00f3n y ver los \u00faltimos avances de la industria. Tambi\u00e9n accederemos a informaci\u00f3n para nuestros proveedores de ferias sobre las \u00faltimas tendencias en estructuras, acabados, armados, entre otros\u201d, puntualiz\u00f3.<\/p>\n<p style=\"font-weight: 400;\">En el marco de la alianza, AFEP se ha comprometido a brindar asistencia t\u00e9cnica con los proyectos de investigaci\u00f3n de la UFI, proporcionar acceso a los proyectos de investigaci\u00f3n de AFEP, alentar a los socios de AFEP a unirse individualmente a UFI, cuando corresponda, y proporcionar un enlace permanente desde su sitio web al sitio web de UFI.<\/p>\n<p style=\"font-weight: 400;\">\n","protected":false},"excerpt":{"rendered":"<p>La Asociaci\u00f3n de Ferias del Per\u00fa (AFEP), anunci\u00f3 que se ha integrado oficialmente a una de las mayores asociaciones de<\/p>\n","protected":false},"author":1,"featured_media":7320,"comment_status":"open","ping_status":"open","sticky":false,"template":"","format":"standard","meta":{"colormag_page_container_layout":"default_layout","colormag_page_sidebar_layout":"default_layout","footnotes":""},"categories":[11],"tags":[543,83,425,147,179],"class_list":["post-7319","post","type-post","status-publish","format-standard","has-post-thumbnail","hentry","category-turismo","tag-asociacion-de-ferias-del-peru","tag-eventos","tag-turismo-de-compras","tag-turismo-mice","tag-turismo-peru"],"_links":{"self":[{"href":"https:\/\/lacuevadedominguez.net.pe\/index.php\/wp-json\/wp\/v2\/posts\/7319","targetHints":{"allow":["GET"]}}],"collection":[{"href":"https:\/\/lacuevadedominguez.net.pe\/index.php\/wp-json\/wp\/v2\/posts"}],"about":[{"href":"https:\/\/lacuevadedominguez.net.pe\/index.php\/wp-json\/wp\/v2\/types\/post"}],"author":[{"embeddable":true,"href":"https:\/\/lacuevadedominguez.net.pe\/index.php\/wp-json\/wp\/v2\/users\/1"}],"replies":[{"embeddable":true,"href":"https:\/\/lacuevadedominguez.net.pe\/index.php\/wp-json\/wp\/v2\/comments?post=7319"}],"version-history":[{"count":1,"href":"https:\/\/lacuevadedominguez.net.pe\/index.php\/wp-json\/wp\/v2\/posts\/7319\/revisions"}],"predecessor-version":[{"id":7321,"href":"https:\/\/lacuevadedominguez.net.pe\/index.php\/wp-json\/wp\/v2\/posts\/7319\/revisions\/7321"}],"wp:featuredmedia":[{"embeddable":true,"href":"https:\/\/lacuevadedominguez.net.pe\/index.php\/wp-json\/wp\/v2\/media\/7320"}],"wp:attachment":[{"href":"https:\/\/lacuevadedominguez.net.pe\/index.php\/wp-json\/wp\/v2\/media?parent=7319"}],"wp:term":[{"taxonomy":"category","embeddable":true,"href":"https:\/\/lacuevadedominguez.net.pe\/index.php\/wp-json\/wp\/v2\/categories?post=7319"},{"taxonomy":"post_tag","embeddable":true,"href":"https:\/\/lacuevadedominguez.net.pe\/index.php\/wp-json\/wp\/v2\/tags?post=7319"}],"curies":[{"name":"wp","href":"https:\/\/api.w.org\/{rel}","templated":true}]}}