{"id":7325,"date":"2018-10-31T10:34:13","date_gmt":"2018-10-31T15:34:13","guid":{"rendered":"http:\/\/lacuevadedominguez.net.pe\/?p=7325"},"modified":"2018-10-31T10:09:11","modified_gmt":"2018-10-31T15:09:11","slug":"areas-naturales-protegidas-integraran-plan-de-desarrollo-turistico-nacional-2019","status":"publish","type":"post","link":"https:\/\/lacuevadedominguez.net.pe\/index.php\/2018\/10\/31\/areas-naturales-protegidas-integraran-plan-de-desarrollo-turistico-nacional-2019\/","title":{"rendered":"\u00c1reas Naturales Protegidas integrar\u00e1n Plan de Desarrollo Tur\u00edstico Nacional 2019"},"content":{"rendered":"<p style=\"font-weight: 400;\">Como parte del convenio de cooperaci\u00f3n suscrito entre el <strong>Servicio Nacional de \u00c1reas Naturales Protegidas<\/strong> <strong>por el Estado (SERNANP),<\/strong> organismo adscrito al Ministerio del Ambiente (MINAM), y el <strong>Ministerio de Comercio Exterior y Turismo (MINCETUR)<\/strong>, las \u00c1reas Naturales Protegidas contar\u00e1n desde el pr\u00f3ximo a\u00f1o con una estrategia nacional de desarrollo tur\u00edstico integral.<\/p>\n<p style=\"font-weight: 400;\">Dicha estrategia contribuir\u00e1 a la <strong>gesti\u00f3n y desarrollo sostenible de la actividad tur\u00edstica en estos espacios<\/strong> mediante el establecimiento de objetivos estrat\u00e9gicos y l\u00edneas de acci\u00f3n para su sostenibilidad. Asimismo, permitir\u00e1 identificar a las \u00e1reas naturales protegidas priorizadas para su desarrollo y fortalecimiento como destinos tur\u00edsticos a nivel nacional.<\/p>\n<p style=\"font-weight: 400;\">A eso, a\u00f1adi\u00f3, que\u00a0\u00a0gracias a la firma del convenio se facilitar\u00e1 la ejecuci\u00f3n de una <strong>cartera de proyectos, donde se destacan la\u00a0\u00a0mejora de los servicios tur\u00edsticos en destinos como el Manu, Tambopata, los Manglares de Tumbes y el Camino Inca hacia Machu Picchu.<\/strong><\/p>\n<p style=\"font-weight: 400;\">Por su parte, el jefe del SERNANP, Pedro Gamboa, se\u00f1al\u00f3 que la firma de este convenio fortalece el trabajo conjunto que ambos sectores han venido realizando desde hace tiempo para el desarrollo de la actividad tur\u00edstica en las \u00e1reas naturales protegidas como una de las mejores estrategias de conservaci\u00f3n. \u201c<strong>El tema de naturaleza y turismo genera un desarrollo sostenible en beneficio de las poblaciones locales para su mejora de calidad de vida\u201d, <\/strong>a\u00f1adi\u00f3.<\/p>\n<p style=\"font-weight: 400;\">Como parte de este convenio adem\u00e1s se articular\u00e1n durante los pr\u00f3ximos cinco a\u00f1os proyectos e iniciativas destinadas al desarrollo tur\u00edstico en infraestructura, gesti\u00f3n y monitoreo de la actividad, as\u00ed como el fortalecimiento de los emprendimientos tur\u00edsticos locales en las \u00e1reas protegidas dentro de los programas y estrategias de Turismo Rural Comunitario.<\/p>\n<p style=\"font-weight: 400;\">De igual manera, mediante este trabajo conjunto se buscar\u00e1 implementar mecanismos de incentivos que promuevan la formalizaci\u00f3n y la calidad de la actividad tur\u00edstica por parte de operadores y empresas de turismo e iniciativas locales al interior de las ANP.<\/p>\n<p style=\"font-weight: 400;\"><strong>Con la suscripci\u00f3n de este convenio se concretar\u00e1n casos emblem\u00e1ticos de ordenamiento de la actividad en el Parque Nacional Huascar\u00e1n y el Santuario Hist\u00f3rico Bosque de P\u00f3mac<\/strong> con la implementaci\u00f3n de sus planes de sitio, documento que muestra las oportunidades de turismo que pueden desarrollarse de manera sostenible en estas \u00e1rea naturales protegidas integrando a las comunidades locales como aliados en su conservaci\u00f3n.<\/p>\n<p style=\"font-weight: 400;\"><strong><em>El dato<\/em><\/strong><\/p>\n<p style=\"font-weight: 400;\">En el 2017 las \u00e1reas naturales protegidas superaron los dos millones de visitantes, evidenciando un crecimiento sostenido del 17% anual desde el 2009.<\/p>\n","protected":false},"excerpt":{"rendered":"<p>Como parte del convenio de cooperaci\u00f3n suscrito entre el Servicio Nacional de \u00c1reas Naturales Protegidas por el Estado (SERNANP), organismo<\/p>\n","protected":false},"author":1,"featured_media":7326,"comment_status":"open","ping_status":"open","sticky":false,"template":"","format":"standard","meta":{"colormag_page_container_layout":"default_layout","colormag_page_sidebar_layout":"default_layout","footnotes":""},"categories":[11],"tags":[221,472,546,199,465,547,135,179,210],"class_list":["post-7325","post","type-post","status-publish","format-standard","has-post-thumbnail","hentry","category-turismo","tag-areas-naturales-protegidas","tag-destinos-peru","tag-mincetur","tag-parque-nacional-huascaran","tag-prensa-de-turismo","tag-santuario-historico-bosque-de-pomac","tag-sernanp","tag-turismo-peru","tag-turismo-sostenible"],"_links":{"self":[{"href":"https:\/\/lacuevadedominguez.net.pe\/index.php\/wp-json\/wp\/v2\/posts\/7325","targetHints":{"allow":["GET"]}}],"collection":[{"href":"https:\/\/lacuevadedominguez.net.pe\/index.php\/wp-json\/wp\/v2\/posts"}],"about":[{"href":"https:\/\/lacuevadedominguez.net.pe\/index.php\/wp-json\/wp\/v2\/types\/post"}],"author":[{"embeddable":true,"href":"https:\/\/lacuevadedominguez.net.pe\/index.php\/wp-json\/wp\/v2\/users\/1"}],"replies":[{"embeddable":true,"href":"https:\/\/lacuevadedominguez.net.pe\/index.php\/wp-json\/wp\/v2\/comments?post=7325"}],"version-history":[{"count":1,"href":"https:\/\/lacuevadedominguez.net.pe\/index.php\/wp-json\/wp\/v2\/posts\/7325\/revisions"}],"predecessor-version":[{"id":7327,"href":"https:\/\/lacuevadedominguez.net.pe\/index.php\/wp-json\/wp\/v2\/posts\/7325\/revisions\/7327"}],"wp:featuredmedia":[{"embeddable":true,"href":"https:\/\/lacuevadedominguez.net.pe\/index.php\/wp-json\/wp\/v2\/media\/7326"}],"wp:attachment":[{"href":"https:\/\/lacuevadedominguez.net.pe\/index.php\/wp-json\/wp\/v2\/media?parent=7325"}],"wp:term":[{"taxonomy":"category","embeddable":true,"href":"https:\/\/lacuevadedominguez.net.pe\/index.php\/wp-json\/wp\/v2\/categories?post=7325"},{"taxonomy":"post_tag","embeddable":true,"href":"https:\/\/lacuevadedominguez.net.pe\/index.php\/wp-json\/wp\/v2\/tags?post=7325"}],"curies":[{"name":"wp","href":"https:\/\/api.w.org\/{rel}","templated":true}]}}