{"id":7404,"date":"2018-12-14T11:45:17","date_gmt":"2018-12-14T16:45:17","guid":{"rendered":"http:\/\/lacuevadedominguez.net.pe\/?p=7404"},"modified":"2018-12-14T08:36:44","modified_gmt":"2018-12-14T13:36:44","slug":"cruz-del-sur-apoya-a-motociclista-sebastian-cavallero-en-el-dakar-peru-2019","status":"publish","type":"post","link":"https:\/\/lacuevadedominguez.net.pe\/index.php\/2018\/12\/14\/cruz-del-sur-apoya-a-motociclista-sebastian-cavallero-en-el-dakar-peru-2019\/","title":{"rendered":"Cruz del Sur apoya a motociclista Sebasti\u00e1n Cavallero en el Dakar &#8211; Per\u00fa 2019"},"content":{"rendered":"<p style=\"font-weight: 400;\"><strong>Luego de obtener el r\u00e9cord como mejor motociclista peruano dentro del Dakar 2018, Sebasti\u00e1n Cavallero<\/strong> se prepara de manera intensiva para el bautizado <strong>Dakar &#8211; Per\u00fa 2019<\/strong> que se llevar\u00e1 a cabo <strong>del 6 al 17 de enero en Per\u00fa,<\/strong> realizando actividades como salir a mediod\u00eda a montar bicicleta, ejercitarse todas las noches en el gimnasio y manejar moto diariamente. Adem\u00e1s de la intensiva rutina que realiza, Cavallero ha realizado importantes alianzas, tal es as\u00ed que\u00a0<strong>Cruz del Sur<\/strong>, empresa l\u00edder en transporte terrestre de pasajeros, extender\u00e1 a los aficionados la oportunidad de participar en un concurso por un pasaje doble a cualquier destino nacional.<\/p>\n<p style=\"font-weight: 400;\">\u201cCruz del Sur naci\u00f3 en Arequipa hace m\u00e1s de 50 a\u00f1os, por eso nuestro compromiso con Sebasti\u00e1n, -arequipe\u00f1o de nacimiento- es grande y queremos que todo el Per\u00fa se sume d\u00e1ndole un mensaje de aliento que, estamos seguros, el leer\u00e1 uno a uno, antes de iniciar esta dura competencia que se realizar\u00e9 enteramente en nuestro pa\u00eds. Esta ser\u00e1 una gran oportunidad para mostrar la riqueza de <strong>destinos como Pisco, Marcona, Arequipa, Moquegua y Tacna\u201d,<\/strong> precis\u00f3 Carlos Garc\u00eda-Le\u00f3n, gerente de Divisi\u00f3n de Pasajeros de\u00a0<strong>Cruz del Sur.<\/strong><\/p>\n<p style=\"font-weight: 400;\"><strong>Sobre el Dakar<\/strong><\/p>\n<p style=\"font-weight: 400;\">El Dakar 2019 se realizar\u00e1 en territorio peruano, los pilotos deber\u00e1n realizar un recorrido de 5 mil kil\u00f3metros, de los cuales 70% ser\u00e1n de arena y 30% otro tipo de terreno. Tal como precis\u00f3 Etienne \u00abcon la arena, nos vamos al coraz\u00f3n del ADN del Dakar. En el origen de la leyenda del Dakar estuvo el Sahara, sus dunas, sus grandes masas de arena&#8230; Ahora volvemos a estos elementos en Per\u00fa\u00bb.<\/p>\n<p style=\"font-weight: 400;\"><strong>Esta edici\u00f3n 2019 cuenta 334 veh\u00edculos registrados<\/strong>, de los cuales 164 son motos y squads; 126 autos y 41 camiones. Adem\u00e1s, despu\u00e9s de 10 a\u00f1os el Dakar cuenta con mayor participaci\u00f3n femenina (17 mujeres), incluyendo dos equipos 100% femeninos.<\/p>\n","protected":false},"excerpt":{"rendered":"<p>Luego de obtener el r\u00e9cord como mejor motociclista peruano dentro del Dakar 2018, Sebasti\u00e1n Cavallero se prepara de manera intensiva<\/p>\n","protected":false},"author":1,"featured_media":7405,"comment_status":"open","ping_status":"open","sticky":false,"template":"","format":"standard","meta":{"colormag_page_container_layout":"default_layout","colormag_page_sidebar_layout":"default_layout","footnotes":""},"categories":[5],"tags":[295,606,472,532,465,51,179,143],"class_list":["post-7404","post","type-post","status-publish","format-standard","has-post-thumbnail","hentry","category-recomendados","tag-cruz-del-sur","tag-dakar-peru-2019","tag-destinos-peru","tag-periodista-cecilia-portella","tag-prensa-de-turismo","tag-rally-dakar","tag-turismo-peru","tag-viajes"],"_links":{"self":[{"href":"https:\/\/lacuevadedominguez.net.pe\/index.php\/wp-json\/wp\/v2\/posts\/7404","targetHints":{"allow":["GET"]}}],"collection":[{"href":"https:\/\/lacuevadedominguez.net.pe\/index.php\/wp-json\/wp\/v2\/posts"}],"about":[{"href":"https:\/\/lacuevadedominguez.net.pe\/index.php\/wp-json\/wp\/v2\/types\/post"}],"author":[{"embeddable":true,"href":"https:\/\/lacuevadedominguez.net.pe\/index.php\/wp-json\/wp\/v2\/users\/1"}],"replies":[{"embeddable":true,"href":"https:\/\/lacuevadedominguez.net.pe\/index.php\/wp-json\/wp\/v2\/comments?post=7404"}],"version-history":[{"count":1,"href":"https:\/\/lacuevadedominguez.net.pe\/index.php\/wp-json\/wp\/v2\/posts\/7404\/revisions"}],"predecessor-version":[{"id":7406,"href":"https:\/\/lacuevadedominguez.net.pe\/index.php\/wp-json\/wp\/v2\/posts\/7404\/revisions\/7406"}],"wp:featuredmedia":[{"embeddable":true,"href":"https:\/\/lacuevadedominguez.net.pe\/index.php\/wp-json\/wp\/v2\/media\/7405"}],"wp:attachment":[{"href":"https:\/\/lacuevadedominguez.net.pe\/index.php\/wp-json\/wp\/v2\/media?parent=7404"}],"wp:term":[{"taxonomy":"category","embeddable":true,"href":"https:\/\/lacuevadedominguez.net.pe\/index.php\/wp-json\/wp\/v2\/categories?post=7404"},{"taxonomy":"post_tag","embeddable":true,"href":"https:\/\/lacuevadedominguez.net.pe\/index.php\/wp-json\/wp\/v2\/tags?post=7404"}],"curies":[{"name":"wp","href":"https:\/\/api.w.org\/{rel}","templated":true}]}}