{"id":7615,"date":"2019-02-08T09:39:16","date_gmt":"2019-02-08T14:39:16","guid":{"rendered":"http:\/\/lacuevadedominguez.net.pe\/?p=7615"},"modified":"2019-02-08T09:39:36","modified_gmt":"2019-02-08T14:39:36","slug":"iberia-inicia-el-ano-como-la-aerolinea-mas-puntual","status":"publish","type":"post","link":"https:\/\/lacuevadedominguez.net.pe\/index.php\/2019\/02\/08\/iberia-inicia-el-ano-como-la-aerolinea-mas-puntual\/","title":{"rendered":"Iberia inicia el a\u00f1o como la aerol\u00ednea m\u00e1s puntual del mundo"},"content":{"rendered":"<p>Iberia ha iniciado 2019 como la aerol\u00ednea m\u00e1s puntual del mundo. En el mes de enero, la aerol\u00ednea ha cosechado el mejor \u00edndice de llegadas en hora de sus vuelos, con casi un 90% de los 13.359 de este mes, seg\u00fan las cifras de la consultora FlightStats.<\/p>\n<p style=\"font-weight: 400;\">\u201cLas mejoras implantadas en rotaci\u00f3n de aviones y tripulaciones, programaci\u00f3n de trabajos de mantenimiento, prestaci\u00f3n de servicios aeroportuarios y, sobre todo, el compromiso de todos los empleados de la compa\u00f1\u00eda, nos han situado de nuevo como la aerol\u00ednea m\u00e1s puntual del mundo\u201d, ha comentado Luis Gallego, presidente de Iberia.<\/p>\n<p style=\"font-weight: 400;\">De esta manera, Iberia retoma la senda que alcanz\u00f3 en 2016 y que mantuvo en 2017, como la aerol\u00ednea m\u00e1s puntual del mundo durante dos a\u00f1os consecutivos. <strong>Por su parte, Iberia Express fue la m\u00e1s puntual entre las low cost de Europa y la segunda del mundo en enero<\/strong>, mes en el que oper\u00f3 3.031 vuelos, con un \u00edndice de puntualidad del 92,56%. Iberia Express ha sido la compa\u00f1\u00eda de bajo coste m\u00e1s puntual del mundo durante cinco a\u00f1os consecutivos.<\/p>\n<p style=\"font-weight: 400;\">Seg\u00fan las encuestas realizadas por Iberia, la puntualidad es uno de los aspectos que m\u00e1s valoran los clientes y, por ello, la aerol\u00ednea dedica todo su esfuerzo a conseguir este objetivo.<\/p>\n<p>&nbsp;<\/p>\n","protected":false},"excerpt":{"rendered":"<p>Iberia ha iniciado 2019 como la aerol\u00ednea m\u00e1s puntual del mundo. En el mes de enero, la aerol\u00ednea ha cosechado<\/p>\n","protected":false},"author":1,"featured_media":7616,"comment_status":"open","ping_status":"open","sticky":false,"template":"","format":"standard","meta":{"colormag_page_container_layout":"default_layout","colormag_page_sidebar_layout":"default_layout","footnotes":""},"categories":[11],"tags":[766,76,237,690,265,238,532,465,765,143],"class_list":["post-7615","post","type-post","status-publish","format-standard","has-post-thumbnail","hentry","category-turismo","tag-consultora-flightstats","tag-espana","tag-iberia","tag-iberia-express","tag-la-cueva-de-dominguez","tag-lineas-aereas","tag-periodista-cecilia-portella","tag-prensa-de-turismo","tag-turismo-europa","tag-viajes"],"_links":{"self":[{"href":"https:\/\/lacuevadedominguez.net.pe\/index.php\/wp-json\/wp\/v2\/posts\/7615","targetHints":{"allow":["GET"]}}],"collection":[{"href":"https:\/\/lacuevadedominguez.net.pe\/index.php\/wp-json\/wp\/v2\/posts"}],"about":[{"href":"https:\/\/lacuevadedominguez.net.pe\/index.php\/wp-json\/wp\/v2\/types\/post"}],"author":[{"embeddable":true,"href":"https:\/\/lacuevadedominguez.net.pe\/index.php\/wp-json\/wp\/v2\/users\/1"}],"replies":[{"embeddable":true,"href":"https:\/\/lacuevadedominguez.net.pe\/index.php\/wp-json\/wp\/v2\/comments?post=7615"}],"version-history":[{"count":2,"href":"https:\/\/lacuevadedominguez.net.pe\/index.php\/wp-json\/wp\/v2\/posts\/7615\/revisions"}],"predecessor-version":[{"id":7618,"href":"https:\/\/lacuevadedominguez.net.pe\/index.php\/wp-json\/wp\/v2\/posts\/7615\/revisions\/7618"}],"wp:featuredmedia":[{"embeddable":true,"href":"https:\/\/lacuevadedominguez.net.pe\/index.php\/wp-json\/wp\/v2\/media\/7616"}],"wp:attachment":[{"href":"https:\/\/lacuevadedominguez.net.pe\/index.php\/wp-json\/wp\/v2\/media?parent=7615"}],"wp:term":[{"taxonomy":"category","embeddable":true,"href":"https:\/\/lacuevadedominguez.net.pe\/index.php\/wp-json\/wp\/v2\/categories?post=7615"},{"taxonomy":"post_tag","embeddable":true,"href":"https:\/\/lacuevadedominguez.net.pe\/index.php\/wp-json\/wp\/v2\/tags?post=7615"}],"curies":[{"name":"wp","href":"https:\/\/api.w.org\/{rel}","templated":true}]}}