{"id":7639,"date":"2019-02-13T09:22:24","date_gmt":"2019-02-13T14:22:24","guid":{"rendered":"http:\/\/lacuevadedominguez.net.pe\/?p=7639"},"modified":"2019-02-13T09:22:24","modified_gmt":"2019-02-13T14:22:24","slug":"paramos-y-bosques-montanos-nuevo-area-de-conservacion-privada-en-jaen","status":"publish","type":"post","link":"https:\/\/lacuevadedominguez.net.pe\/index.php\/2019\/02\/13\/paramos-y-bosques-montanos-nuevo-area-de-conservacion-privada-en-jaen\/","title":{"rendered":"P\u00e1ramos y Bosques Montanos, nuevo \u00c1rea de Conservaci\u00f3n Privada en Jaen"},"content":{"rendered":"<p style=\"font-weight: 400;\">La regi\u00f3n Cajamarca cuenta con su s\u00e9tima <strong>\u00c1rea de Conservaci\u00f3n Privada (ACP),\u00a0<\/strong>con reconocimiento a perpetuidad. <strong>P\u00e1ramos y Bosques Montanos<\/strong>, es el para\u00edso de la comunidad campesina San Felipe, ubicada en el distrito de San Felipe, en la provincia de Ja\u00e9n.<\/p>\n<p style=\"font-weight: 400;\">El Ministerio del Ambiente (Minam) mediante Resoluci\u00f3n Ministerial N\u00b0 022-2019-MINAM reconoci\u00f3 a esta nueva ACP, en una superficie de 1 957.75 hect\u00e1reas, a iniciativa de la propia comunidad campesina.<\/p>\n<p style=\"font-weight: 400;\">De esta manera, se\u00a0\u00a0busca conservar los p\u00e1ramos y bosques de monta\u00f1a Altimontano, <strong>h\u00e1bitat y refugio de especies silvestres como la pava barbada, tuc\u00e1n andino, tapir, venado colorado<\/strong>, entre otras.<\/p>\n<p style=\"font-weight: 400;\">Asimismo, con su reconocimiento se conforma un <strong>corredor de conservaci\u00f3n integrado por el Parque Nacional Colambo Yacuri de Ecuador, los Bosques y P\u00e1ramos de Ayabaca y Huancabamba y el Santuario Nacional Tabaconas Namballe,<\/strong> constituyendo refugio y l\u00edmite de distribuci\u00f3n de especies de flora y fauna.<\/p>\n<p style=\"font-weight: 400;\">El ACP reconocida abarca la ecorregi\u00f3n de Bosques Montanos de la Cordillera Real Oriental y Bosques Montanos Occidentales de los Andes del Norte, el cual alberga adem\u00e1s especies de flora end\u00e9mica de esta regi\u00f3n.<\/p>\n<p style=\"font-weight: 400;\"><strong>El dato<\/strong><\/p>\n<p style=\"font-weight: 400;\">El Servicio Nacional de \u00c1reas Naturales Protegidas por el Estado (SERNANP) viene trabajando de manera estrat\u00e9gica en el reconocimiento de \u00e1reas de conservaci\u00f3n privada como una oportunidad para el impulso de la investigaci\u00f3n cient\u00edfica, el turismo y el aprovechamiento sostenible de sus recursos naturales; as\u00ed como para crear corredores de conservaci\u00f3n que fortalezcan los paisajes asociados a las \u00e1reas naturales protegidas de administraci\u00f3n nacional.<\/p>\n","protected":false},"excerpt":{"rendered":"<p>La regi\u00f3n Cajamarca cuenta con su s\u00e9tima \u00c1rea de Conservaci\u00f3n Privada (ACP),\u00a0con reconocimiento a perpetuidad. P\u00e1ramos y Bosques Montanos, es<\/p>\n","protected":false},"author":1,"featured_media":7640,"comment_status":"open","ping_status":"open","sticky":false,"template":"","format":"standard","meta":{"colormag_page_container_layout":"default_layout","colormag_page_sidebar_layout":"default_layout","footnotes":""},"categories":[13],"tags":[791,795,793,792,265,794,465,135],"class_list":["post-7639","post","type-post","status-publish","format-standard","has-post-thumbnail","hentry","category-destinos","tag-area-de-conservacion-privada","tag-bosques-y-paramos-de-ayabaca-y-huancabamba","tag-destino-cajamarca","tag-jaen","tag-la-cueva-de-dominguez","tag-parque-nacional-colambo-yacuri-de-ecuador","tag-prensa-de-turismo","tag-sernanp"],"_links":{"self":[{"href":"https:\/\/lacuevadedominguez.net.pe\/index.php\/wp-json\/wp\/v2\/posts\/7639","targetHints":{"allow":["GET"]}}],"collection":[{"href":"https:\/\/lacuevadedominguez.net.pe\/index.php\/wp-json\/wp\/v2\/posts"}],"about":[{"href":"https:\/\/lacuevadedominguez.net.pe\/index.php\/wp-json\/wp\/v2\/types\/post"}],"author":[{"embeddable":true,"href":"https:\/\/lacuevadedominguez.net.pe\/index.php\/wp-json\/wp\/v2\/users\/1"}],"replies":[{"embeddable":true,"href":"https:\/\/lacuevadedominguez.net.pe\/index.php\/wp-json\/wp\/v2\/comments?post=7639"}],"version-history":[{"count":1,"href":"https:\/\/lacuevadedominguez.net.pe\/index.php\/wp-json\/wp\/v2\/posts\/7639\/revisions"}],"predecessor-version":[{"id":7641,"href":"https:\/\/lacuevadedominguez.net.pe\/index.php\/wp-json\/wp\/v2\/posts\/7639\/revisions\/7641"}],"wp:featuredmedia":[{"embeddable":true,"href":"https:\/\/lacuevadedominguez.net.pe\/index.php\/wp-json\/wp\/v2\/media\/7640"}],"wp:attachment":[{"href":"https:\/\/lacuevadedominguez.net.pe\/index.php\/wp-json\/wp\/v2\/media?parent=7639"}],"wp:term":[{"taxonomy":"category","embeddable":true,"href":"https:\/\/lacuevadedominguez.net.pe\/index.php\/wp-json\/wp\/v2\/categories?post=7639"},{"taxonomy":"post_tag","embeddable":true,"href":"https:\/\/lacuevadedominguez.net.pe\/index.php\/wp-json\/wp\/v2\/tags?post=7639"}],"curies":[{"name":"wp","href":"https:\/\/api.w.org\/{rel}","templated":true}]}}