{"id":7662,"date":"2019-02-18T10:54:07","date_gmt":"2019-02-18T15:54:07","guid":{"rendered":"http:\/\/lacuevadedominguez.net.pe\/?p=7662"},"modified":"2019-02-18T10:54:07","modified_gmt":"2019-02-18T15:54:07","slug":"almeria-le-da-inicio-a-sus-actividades-como-capital-espanola-de-la-gastronomia-2019","status":"publish","type":"post","link":"https:\/\/lacuevadedominguez.net.pe\/index.php\/2019\/02\/18\/almeria-le-da-inicio-a-sus-actividades-como-capital-espanola-de-la-gastronomia-2019\/","title":{"rendered":"Almer\u00eda le da inicio a sus actividades como Capital Espa\u00f1ola de la Gastronom\u00eda 2019"},"content":{"rendered":"<p>En el contexto de la Feria Internacional de Turismo (Fitur),\u00a0Almer\u00eda asumi\u00f3 su condici\u00f3n\u00a0de <strong>Capital Espa\u00f1ola de la Gastronom\u00eda 2019.<\/strong> La ciudad mediterr\u00e1nea andaluza fue la\u00a0<a title=\"Almer\u00eda es la Capital Espa\u00f1ola de la Gastronom\u00eda 2019\" href=\"https:\/\/www.excelenciasgourmet.com\/es\/noticias-gourmet\/almeria-es-la-capital-espanola-de-la-gastronomia-2019\" target=\"_blank\" rel=\"noopener\">\u00fanica candidata<\/a>\u00a0al descartar el Comit\u00e9 T\u00e9cnico a otra ciudad aspirante que no super\u00f3 los tr\u00e1mites previos. El jurado destac\u00f3 que el proyecto almeriense cont\u00f3, entre sus principales fortalezas, con un respaldo institucional sin fisuras, apoyo popular, <strong>una oferta de producto de tierra y mar excelente<\/strong>, un modelo productivo revolucionario que es <strong>compromiso con la sostenibilidad y una cocina creativa que combina tradici\u00f3n e innovaci\u00f3n.<\/strong><\/p>\n<p>A lo largo de 2019, <strong>habr\u00e1 m\u00e1s de 300 actos que llenar\u00e1n de contenido gastron\u00f3mico el calendario almeriense y andaluz.<\/strong> Este es el mejor term\u00f3metro de la vitalidad del evento, porque en solo siete ediciones (las capitales anteriores fueron <strong>Logro\u00f1o, Burgos, Vitoria, Toledo,\u00a0<a title=\"Huelva estrena su t\u00edtulo de Capital Espa\u00f1ola de la Gastronom\u00eda 2017 con plena confianza en su cocina\" href=\"https:\/\/www.excelenciasgourmet.com\/es\/noticias-gourmet\/huelva-estrena-su-titulo-de-capital-espanola-de-la-gastronomia-2017-con-plena\" target=\"_blank\" rel=\"noopener\">Huelva<\/a>\u00a0y\u00a0<a title=\"Capital Espa\u00f1ola de la Gastronom\u00eda 2018\" href=\"https:\/\/www.excelenciasgourmet.com\/es\/taxonomy\/term\/1414\" target=\"_blank\" rel=\"noopener\">Le\u00f3n<\/a><\/strong>), la Capitalidad se ha convertido en plataforma activa y eficiente de promoci\u00f3n del turismo gastron\u00f3mico. Las ciudades participantes incrementan el n\u00famero de visitantes, el sector de hosteler\u00eda crece en facturaci\u00f3n, y las siete ciudades se han posicionado en el mapa gastron\u00f3mico espa\u00f1ol gracias a la repercusi\u00f3n medi\u00e1tica. Es la aspiraci\u00f3n que tiene Almer\u00eda cuando toque hacer balance a finales de a\u00f1o.<\/p>\n<p>Almer\u00eda presenta una oferta culinaria que combina mar y tierra. <strong>Amparada bajo la marca \u00abSabores de Almer\u00eda\u00bb, adem\u00e1s de la huerta de Europa, que es su principal se\u00f1a de identida<\/strong>d, en las cinco lonjas distribuidas por la provincia, hay pescado para todos los gustos: la gamba roja de Garrucha, calamares, jibias, pulpo, salmonete y sardina. Las conservas y salazones: bonito, caballa y pulpo.\u00a0 Pero tambi\u00e9n embutidos, quesos, jam\u00f3n de Ser\u00f3n y cordero; gurullos y fideos, excelentes escabeches y migas. <strong>Sin olvidar la trilog\u00eda mediterr\u00e1nea: pan, aceite y vino,<\/strong> y los arroces en \u00abempedrao\u00bb con alubias o con pescado y marisco; gachas, at\u00fan encebollado, potajes y sopas o la olla de trigo.<\/p>\n<p>Tres restaurantes situados en la provincia han alcanzado un sol Repsol. Se trata de la Terraza Carmona, de Vera; La Costa, de El Ejido; y Alejandro, de Roquetas de Mar, en los cuales los grandes productos y recetas de la tierra son los principales protagonistas, asociados a la creatividad y la innovaci\u00f3n.<\/p>\n<p><strong>Almer\u00eda es tambi\u00e9n la provincia del tapeo por excelencia<\/strong>. Es una manera peculiar de disfrutar de la cocina, tanto tradicional como innovadora, que hoy por hoy se ha convertido en un h\u00e1bito muy arraigado y en un reclamo tur\u00edstico indiscutible.<\/p>\n<p><strong>El \u00e9xito de Almer\u00eda como Capital Espa\u00f1ola de la Gastronom\u00eda 2019 es el resultado del apoyo de todas las instituciones andaluzas a la candidatura<\/strong>. Tanto la Junta de Andaluc\u00eda como la Diputaci\u00f3n almeriense y el Ayuntamiento de la ciudad se unieron a favor de un proyecto que proporcionar\u00e1 la convergencia de todos los focos sobre la esquina suroriental de Espa\u00f1a durante los pr\u00f3ximos 12 meses.<strong> En la otra punta de Andaluc\u00eda, el impacto promocional en Huelva 2017 fue equivalente al de una inversi\u00f3n publicitaria internacional de m\u00e1s de 15 millones de euros. Lo sucedido en Huelva se repetir\u00e1 y superar\u00e1 en Almer\u00eda.<\/strong><\/p>\n<p>&nbsp;<\/p>\n<p>Art\u00edculo tomado de www.excelenciasgourmet.com, bajo la autor\u00eda del Sr.\u00a0<a href=\"https:\/\/es.wikipedia.org\/wiki\/Rafael_Anson\" target=\"_blank\" rel=\"noopener\">Rafael Ans\u00f3n Oliart<\/a><\/p>\n","protected":false},"excerpt":{"rendered":"<p>En el contexto de la Feria Internacional de Turismo (Fitur),\u00a0Almer\u00eda asumi\u00f3 su condici\u00f3n\u00a0de Capital Espa\u00f1ola de la Gastronom\u00eda 2019. La<\/p>\n","protected":false},"author":1,"featured_media":7663,"comment_status":"open","ping_status":"open","sticky":false,"template":"","format":"standard","meta":{"colormag_page_container_layout":"default_layout","colormag_page_sidebar_layout":"default_layout","footnotes":""},"categories":[5],"tags":[529,530,816,151,531,245,265,528,532,464,815,152],"class_list":["post-7662","post","type-post","status-publish","format-standard","has-post-thumbnail","hentry","category-recomendados","tag-academia-leonesa-de-gastronomia","tag-almeria","tag-andalucia","tag-capital-espanola-de-la-gastronomia","tag-federacion-espanola-de-periodistas-y-escritores-de-turismo","tag-gastronomia-espanola","tag-la-cueva-de-dominguez","tag-leon","tag-periodista-cecilia-portella","tag-prensa-gastronomica","tag-rafael-anson-oliart","tag-turismo-gastronomico"],"_links":{"self":[{"href":"https:\/\/lacuevadedominguez.net.pe\/index.php\/wp-json\/wp\/v2\/posts\/7662","targetHints":{"allow":["GET"]}}],"collection":[{"href":"https:\/\/lacuevadedominguez.net.pe\/index.php\/wp-json\/wp\/v2\/posts"}],"about":[{"href":"https:\/\/lacuevadedominguez.net.pe\/index.php\/wp-json\/wp\/v2\/types\/post"}],"author":[{"embeddable":true,"href":"https:\/\/lacuevadedominguez.net.pe\/index.php\/wp-json\/wp\/v2\/users\/1"}],"replies":[{"embeddable":true,"href":"https:\/\/lacuevadedominguez.net.pe\/index.php\/wp-json\/wp\/v2\/comments?post=7662"}],"version-history":[{"count":1,"href":"https:\/\/lacuevadedominguez.net.pe\/index.php\/wp-json\/wp\/v2\/posts\/7662\/revisions"}],"predecessor-version":[{"id":7664,"href":"https:\/\/lacuevadedominguez.net.pe\/index.php\/wp-json\/wp\/v2\/posts\/7662\/revisions\/7664"}],"wp:featuredmedia":[{"embeddable":true,"href":"https:\/\/lacuevadedominguez.net.pe\/index.php\/wp-json\/wp\/v2\/media\/7663"}],"wp:attachment":[{"href":"https:\/\/lacuevadedominguez.net.pe\/index.php\/wp-json\/wp\/v2\/media?parent=7662"}],"wp:term":[{"taxonomy":"category","embeddable":true,"href":"https:\/\/lacuevadedominguez.net.pe\/index.php\/wp-json\/wp\/v2\/categories?post=7662"},{"taxonomy":"post_tag","embeddable":true,"href":"https:\/\/lacuevadedominguez.net.pe\/index.php\/wp-json\/wp\/v2\/tags?post=7662"}],"curies":[{"name":"wp","href":"https:\/\/api.w.org\/{rel}","templated":true}]}}