{"id":7732,"date":"2019-03-07T11:18:56","date_gmt":"2019-03-07T16:18:56","guid":{"rendered":"http:\/\/lacuevadedominguez.net.pe\/?p=7732"},"modified":"2019-03-07T10:56:29","modified_gmt":"2019-03-07T15:56:29","slug":"futbolista-gerard-pique-promueve-proyeccion-turistica-de-cataluna","status":"publish","type":"post","link":"https:\/\/lacuevadedominguez.net.pe\/index.php\/2019\/03\/07\/futbolista-gerard-pique-promueve-proyeccion-turistica-de-cataluna\/","title":{"rendered":"Futbolista Gerard Piqu\u00e9 promueve turismo en Catalu\u00f1a"},"content":{"rendered":"<p>El defensa del <strong>club Barcelona, Gerard Piqu\u00e9<\/strong>, es el\u00a0 nuevo protagonista de un v\u00eddeo promocional para potenciar la proyecci\u00f3n tur\u00edstica de Catalu\u00f1a, en una <strong>campa\u00f1a organizada por la Agencia Catalana de Turismo (ACT) de la Generalitat.<\/strong><\/p>\n<p>La campa\u00f1a tiene como objetivo aprovechar la fama internacional del central de La Bonanova para promocionar el turismo de calidad en Catalu\u00f1a \u00aba trav\u00e9s de un relato m\u00e1s emocional, centrado en las personas, su territorio y sus vivencias\u00bb, asegur\u00f3 en un comunicado la ACT.<\/p>\n<p>El v\u00eddeo protagonizado por el jugador azulgrana acumula m\u00e1s de 200.000 reproducciones en su perfil de Twitter en seis d\u00edas, y en solo media hora en su p\u00e1gina de Facebook ha sobrepasado las 10.000 visualizaciones.<\/p>\n<p>Piqu\u00e9 no es el primer deportista que colabora con la Generalitat en la difusi\u00f3n de la marca Catalu\u00f1a. A trav\u00e9s del programa impulsor de este v\u00eddeo, &#8216;Catalunya Advisors, han realizado una tarea similar Carles Puyol y Kilian Jornet, adem\u00e1s de otras celebridades como los cocineros Jordi, Josep y Joan Roca, la arquitecta Benedetta Tagliabue y la modelo Vanesa Lorenzo.<\/p>\n<p><iframe loading=\"lazy\" title=\"Do you accept the challenge of visiting Catalunya? By Gerard Piqu\u00e9\" width=\"800\" height=\"450\" src=\"https:\/\/www.youtube.com\/embed\/nOQrerxMqpg?feature=oembed\" frameborder=\"0\" allow=\"accelerometer; autoplay; encrypted-media; gyroscope; picture-in-picture\" allowfullscreen><\/iframe><\/p>\n<p>&nbsp;<\/p>\n<p><em>Fuente:\u00a0caribbeannewsdigital.com y EFE<\/em><\/p>\n<p><em>Foto: Cecilia Portella<\/em><\/p>\n","protected":false},"excerpt":{"rendered":"<p>El defensa del club Barcelona, Gerard Piqu\u00e9, es el\u00a0 nuevo protagonista de un v\u00eddeo promocional para potenciar la proyecci\u00f3n tur\u00edstica<\/p>\n","protected":false},"author":1,"featured_media":7733,"comment_status":"open","ping_status":"open","sticky":false,"template":"","format":"standard","meta":{"colormag_page_container_layout":"default_layout","colormag_page_sidebar_layout":"default_layout","footnotes":""},"categories":[13],"tags":[884,879,883,878,532,880,738,882,881],"class_list":["post-7732","post","type-post","status-publish","format-standard","has-post-thumbnail","hentry","category-destinos","tag-agencia-catalana-de-turismo","tag-barcelona-fc","tag-destino-cataluna","tag-gerard-pique","tag-periodista-cecilia-portella","tag-turismo-barcelona","tag-turismo-girona","tag-turismo-lerida","tag-turismo-tarragona"],"_links":{"self":[{"href":"https:\/\/lacuevadedominguez.net.pe\/index.php\/wp-json\/wp\/v2\/posts\/7732","targetHints":{"allow":["GET"]}}],"collection":[{"href":"https:\/\/lacuevadedominguez.net.pe\/index.php\/wp-json\/wp\/v2\/posts"}],"about":[{"href":"https:\/\/lacuevadedominguez.net.pe\/index.php\/wp-json\/wp\/v2\/types\/post"}],"author":[{"embeddable":true,"href":"https:\/\/lacuevadedominguez.net.pe\/index.php\/wp-json\/wp\/v2\/users\/1"}],"replies":[{"embeddable":true,"href":"https:\/\/lacuevadedominguez.net.pe\/index.php\/wp-json\/wp\/v2\/comments?post=7732"}],"version-history":[{"count":1,"href":"https:\/\/lacuevadedominguez.net.pe\/index.php\/wp-json\/wp\/v2\/posts\/7732\/revisions"}],"predecessor-version":[{"id":7734,"href":"https:\/\/lacuevadedominguez.net.pe\/index.php\/wp-json\/wp\/v2\/posts\/7732\/revisions\/7734"}],"wp:featuredmedia":[{"embeddable":true,"href":"https:\/\/lacuevadedominguez.net.pe\/index.php\/wp-json\/wp\/v2\/media\/7733"}],"wp:attachment":[{"href":"https:\/\/lacuevadedominguez.net.pe\/index.php\/wp-json\/wp\/v2\/media?parent=7732"}],"wp:term":[{"taxonomy":"category","embeddable":true,"href":"https:\/\/lacuevadedominguez.net.pe\/index.php\/wp-json\/wp\/v2\/categories?post=7732"},{"taxonomy":"post_tag","embeddable":true,"href":"https:\/\/lacuevadedominguez.net.pe\/index.php\/wp-json\/wp\/v2\/tags?post=7732"}],"curies":[{"name":"wp","href":"https:\/\/api.w.org\/{rel}","templated":true}]}}