{"id":7771,"date":"2019-03-19T11:16:48","date_gmt":"2019-03-19T16:16:48","guid":{"rendered":"http:\/\/lacuevadedominguez.net.pe\/?p=7771"},"modified":"2019-03-20T11:00:02","modified_gmt":"2019-03-20T16:00:02","slug":"islas-guanape-en-la-region-la-libertad-la-nueva-joya-de-la-naturaleza","status":"publish","type":"post","link":"https:\/\/lacuevadedominguez.net.pe\/index.php\/2019\/03\/19\/islas-guanape-en-la-region-la-libertad-la-nueva-joya-de-la-naturaleza\/","title":{"rendered":"Islas Gua\u00f1ape, en la regi\u00f3n La Libertad, \u201cla nueva joya de la naturaleza\u201d"},"content":{"rendered":"<p class=\"m_-4537513535333405318gmail-MsoNoSpacing\"><span lang=\"ES\">Con el prop\u00f3sito de promover la conservaci\u00f3n y el desarrollo sostenible de la zona norte del pa\u00eds, el <strong>Servicio Nacional de \u00c1reas Naturales Protegidas por el Estado (SERNANP),<\/strong>\u00a0<strong>lanz\u00f3 oficialmente el sector Islas Gua\u00f1ape, en la regi\u00f3n La Libertad<\/strong>, conocida tambi\u00e9n por sus atractivos y belleza paisaj\u00edstica como \u201cla nueva joya de la naturaleza\u201d.<\/span><\/p>\n<p class=\"m_-4537513535333405318gmail-MsoNoSpacing\">\u201cEste destino se convertir\u00e1 en nuevo polo de desarrollo, gracias al trabajo articulado del <strong>Ministerio del Ambiente, el SERNANP, Mincetur, el Gobierno Regional de La Libertad, la Municipalidad Distrital de Vir\u00fa y los operadores tur\u00edsticos\u201d,<\/strong> resalt\u00f3 Pedro Gamboa, jefe del SERNANP.<\/p>\n<p class=\"m_-4537513535333405318gmail-MsoNoSpacing\"><span lang=\"ES\">Adem\u00e1s Gamboa destac\u00f3 que las <strong>\u00e1reas naturales protegidas<\/strong> buscan un turismo responsable ambientalmente que beneficie a la poblaci\u00f3n, y en el caso de estas islas existe el compromiso permanente por conservar cerca de un mill\u00f3n de aves guaneras, m\u00e1s de tres mil lobos marinos y la mayor poblaci\u00f3n de <strong>ping\u00fcinos de Humboldt.<\/strong><\/span><\/p>\n<p class=\"m_-4537513535333405318gmail-MsoNoSpacing\"><span lang=\"ES\">Por su parte, <strong>Manuel Llemp\u00e9n, gobernador de la regi\u00f3n La Libertad<\/strong>, sostuvo que este trabajo conjunto significa un paso m\u00e1s en su compromiso de desarrollo de un turismo pero con <strong>conservaci\u00f3n de toda la fauna que existe en las Islas Gua\u00f1ape.<\/strong><\/span><\/p>\n<p class=\"m_-4537513535333405318gmail-MsoNoSpacing\"><span lang=\"ES\">\u201cQueremos potenciar el turismo en Islas Gua\u00f1ape y darle a la poblaci\u00f3n el gran balneario que reclama, pero con el respeto de las condiciones para su preservaci\u00f3n, sin que priorizar esta actividad conlleve a la afectaci\u00f3n de la mayor poblaci\u00f3n de aves guaneras en este sector\u201d, a\u00f1adi\u00f3 Llemp\u00e9n.<\/span><\/p>\n<p class=\"m_-4537513535333405318gmail-MsoNoSpacing\"><span lang=\"ES\">A su turno, <strong>Dyan Guzm\u00e1n, representante de la Direcci\u00f3n General de Estrategia Tur\u00edstica de Mincetur,<\/strong> sostuvo que se viene articulando esfuerzos con el fin de realizar un turismo en las \u00e1reas naturales protegidas, que implique un desarrollo sociocultural de la poblaci\u00f3n y un trabajo conjunto entre el sector p\u00fablico y privado.<\/span><\/p>\n<p class=\"m_-4537513535333405318gmail-MsoNoSpacing\"><span lang=\"ES\">De otro lado, Ever Cadenillas, vicegobernador de la regi\u00f3n La Libertad, indic\u00f3 que las \u201cIslas Gua\u00f1ape\u201d representan una oportunidad para que la poblaci\u00f3n de <strong>Trujillo y Vir\u00fa puedan hacer empresa en el sector hotelero y restaurantes.<\/strong><\/span><\/p>\n<p class=\"m_-4537513535333405318gmail-MsoNoSpacing\"><span lang=\"ES\">Es as\u00ed que debido a su gran biodiversidad, este espacio marino permitir\u00e1 <strong>diversificar la oferta tur\u00edstica en la costa norte de nuestro pa\u00eds, y promover\u00e1 la inversi\u00f3n p\u00fablica y privada<\/strong> con miras a generar oportunidades para el desarrollo socioecon\u00f3mico de las poblaciones locales.<\/span><\/p>\n<p class=\"m_-4537513535333405318gmail-MsoNoSpacing\"><b><span lang=\"ES\">El dato<\/span><\/b><\/p>\n<p class=\"m_-4537513535333405318gmail-MsoNoSpacing\"><span lang=\"ES\">Adem\u00e1s se cuenta con un acuerdo de conservaci\u00f3n entre la <strong>Asociaci\u00f3n de Pescadores y Acuicultores Artesanales de Puerto Mor\u00edn<\/strong> y la RNSIIPG, y con el apoyo del proyecto GEF se mejorar\u00e1 el estado del muelle: compra de electrobomba, pintura para sus instalaciones, c\u00e1maras de v\u00eddeo vigilancia, bancas con sombrilla, c\u00e1mara frigor\u00edfica y mejoramiento de bomba para la expulsi\u00f3n de las aguas residuales.<\/span><\/p>\n","protected":false},"excerpt":{"rendered":"<p>Con el prop\u00f3sito de promover la conservaci\u00f3n y el desarrollo sostenible de la zona norte del pa\u00eds, el Servicio Nacional<\/p>\n","protected":false},"author":1,"featured_media":7777,"comment_status":"open","ping_status":"open","sticky":false,"template":"","format":"standard","meta":{"colormag_page_container_layout":"default_layout","colormag_page_sidebar_layout":"default_layout","footnotes":""},"categories":[13],"tags":[221,938,546,444,939,135,940],"class_list":["post-7771","post","type-post","status-publish","format-standard","has-post-thumbnail","hentry","category-destinos","tag-areas-naturales-protegidas","tag-gobierno-regional-de-la-libertad","tag-mincetur","tag-ministerio-del-ambiente","tag-municipalidad-distrital-de-viru","tag-sernanp","tag-turismo-trujillo"],"_links":{"self":[{"href":"https:\/\/lacuevadedominguez.net.pe\/index.php\/wp-json\/wp\/v2\/posts\/7771","targetHints":{"allow":["GET"]}}],"collection":[{"href":"https:\/\/lacuevadedominguez.net.pe\/index.php\/wp-json\/wp\/v2\/posts"}],"about":[{"href":"https:\/\/lacuevadedominguez.net.pe\/index.php\/wp-json\/wp\/v2\/types\/post"}],"author":[{"embeddable":true,"href":"https:\/\/lacuevadedominguez.net.pe\/index.php\/wp-json\/wp\/v2\/users\/1"}],"replies":[{"embeddable":true,"href":"https:\/\/lacuevadedominguez.net.pe\/index.php\/wp-json\/wp\/v2\/comments?post=7771"}],"version-history":[{"count":1,"href":"https:\/\/lacuevadedominguez.net.pe\/index.php\/wp-json\/wp\/v2\/posts\/7771\/revisions"}],"predecessor-version":[{"id":7772,"href":"https:\/\/lacuevadedominguez.net.pe\/index.php\/wp-json\/wp\/v2\/posts\/7771\/revisions\/7772"}],"wp:featuredmedia":[{"embeddable":true,"href":"https:\/\/lacuevadedominguez.net.pe\/index.php\/wp-json\/wp\/v2\/media\/7777"}],"wp:attachment":[{"href":"https:\/\/lacuevadedominguez.net.pe\/index.php\/wp-json\/wp\/v2\/media?parent=7771"}],"wp:term":[{"taxonomy":"category","embeddable":true,"href":"https:\/\/lacuevadedominguez.net.pe\/index.php\/wp-json\/wp\/v2\/categories?post=7771"},{"taxonomy":"post_tag","embeddable":true,"href":"https:\/\/lacuevadedominguez.net.pe\/index.php\/wp-json\/wp\/v2\/tags?post=7771"}],"curies":[{"name":"wp","href":"https:\/\/api.w.org\/{rel}","templated":true}]}}