{"id":7788,"date":"2019-03-25T10:56:33","date_gmt":"2019-03-25T15:56:33","guid":{"rendered":"http:\/\/lacuevadedominguez.net.pe\/?p=7788"},"modified":"2019-03-25T10:19:14","modified_gmt":"2019-03-25T15:19:14","slug":"noche-de-flamenco-y-cocina-espanola-en-el-jw-marriott","status":"publish","type":"post","link":"https:\/\/lacuevadedominguez.net.pe\/index.php\/2019\/03\/25\/noche-de-flamenco-y-cocina-espanola-en-el-jw-marriott\/","title":{"rendered":"Noche de flamenco y cocina espa\u00f1ola en el JW Marriott"},"content":{"rendered":"<p><strong>JW Marriott Lima<\/strong> presentar\u00e1 este jueves 28 de marzo, una <strong>Noche de Flamenco<\/strong>, un festival de m\u00fasica y gastronom\u00eda espa\u00f1ola. Donde se busca llevar a los clientes un pedacito de la esencia que transmite el flamenco, acompa\u00f1ado de platos representativos de la cultura espa\u00f1ola.<\/p>\n<p><strong>Julio Ferradas, Chef Ejecutivo del JW Marriott Lima,<\/strong> nos presenta una alta gama de platillos, entre los que resaltan principalmente la <strong>paella valenciana, el cochinillo al horno, la tortilla espa\u00f1ola, las croquetas de jam\u00f3n, quesos de la localidad y el jam\u00f3n serrano.<\/strong> El reconocido chef afirma que la inspiraci\u00f3n para este festival fue su paso por Espa\u00f1a, donde pudo trabajar, vivir y aprender de su cultura y gastronom\u00eda. \u201cEl objetivo es poder llevar un poco de lo vivido a nuestros clientes y que ellos puedan experimentar lo que el flamenco representa y significa. Adem\u00e1s del homenaje, consideramos importante que nuestros clientes tengan nuevas alternativas durante la noche y esta es una excelente opci\u00f3n\u201d, completa Ferradas.<\/p>\n<p>Esta Noche de Flamenco se realizar\u00e1 el 28 de marzo desde las 8:30 pm en el <strong>Restaurante La Vista<\/strong>. El precio es de S\/ 109.00 por el buffet y S\/ 79.00 adicionales por vinos ilimitados. La actividad incluye m\u00fasica en vivo. <strong>Para reservas, llamar al 217 7009<\/strong> o enviar un correo a <a href=\"mailto:lavista.lima@marriott.com\">lavista.lima@marriott.com<\/a><\/p>\n","protected":false},"excerpt":{"rendered":"<p>JW Marriott Lima presentar\u00e1 este jueves 28 de marzo, una Noche de Flamenco, un festival de m\u00fasica y gastronom\u00eda espa\u00f1ola.<\/p>\n","protected":false},"author":1,"featured_media":7789,"comment_status":"open","ping_status":"open","sticky":false,"template":"","format":"standard","meta":{"colormag_page_container_layout":"default_layout","colormag_page_sidebar_layout":"default_layout","footnotes":""},"categories":[3],"tags":[934,950,245,404,931,949,532,464],"class_list":["post-7788","post","type-post","status-publish","format-standard","has-post-thumbnail","hentry","category-lifestyle","tag-chef-julio-ferradas","tag-cultura-espanola","tag-gastronomia-espanola","tag-hoteles-peru","tag-jw-marriott-lima","tag-noches-de-flamenco","tag-periodista-cecilia-portella","tag-prensa-gastronomica"],"_links":{"self":[{"href":"https:\/\/lacuevadedominguez.net.pe\/index.php\/wp-json\/wp\/v2\/posts\/7788","targetHints":{"allow":["GET"]}}],"collection":[{"href":"https:\/\/lacuevadedominguez.net.pe\/index.php\/wp-json\/wp\/v2\/posts"}],"about":[{"href":"https:\/\/lacuevadedominguez.net.pe\/index.php\/wp-json\/wp\/v2\/types\/post"}],"author":[{"embeddable":true,"href":"https:\/\/lacuevadedominguez.net.pe\/index.php\/wp-json\/wp\/v2\/users\/1"}],"replies":[{"embeddable":true,"href":"https:\/\/lacuevadedominguez.net.pe\/index.php\/wp-json\/wp\/v2\/comments?post=7788"}],"version-history":[{"count":1,"href":"https:\/\/lacuevadedominguez.net.pe\/index.php\/wp-json\/wp\/v2\/posts\/7788\/revisions"}],"predecessor-version":[{"id":7790,"href":"https:\/\/lacuevadedominguez.net.pe\/index.php\/wp-json\/wp\/v2\/posts\/7788\/revisions\/7790"}],"wp:featuredmedia":[{"embeddable":true,"href":"https:\/\/lacuevadedominguez.net.pe\/index.php\/wp-json\/wp\/v2\/media\/7789"}],"wp:attachment":[{"href":"https:\/\/lacuevadedominguez.net.pe\/index.php\/wp-json\/wp\/v2\/media?parent=7788"}],"wp:term":[{"taxonomy":"category","embeddable":true,"href":"https:\/\/lacuevadedominguez.net.pe\/index.php\/wp-json\/wp\/v2\/categories?post=7788"},{"taxonomy":"post_tag","embeddable":true,"href":"https:\/\/lacuevadedominguez.net.pe\/index.php\/wp-json\/wp\/v2\/tags?post=7788"}],"curies":[{"name":"wp","href":"https:\/\/api.w.org\/{rel}","templated":true}]}}