{"id":7800,"date":"2019-03-29T10:26:39","date_gmt":"2019-03-29T15:26:39","guid":{"rendered":"http:\/\/lacuevadedominguez.net.pe\/?p=7800"},"modified":"2019-04-01T11:36:01","modified_gmt":"2019-04-01T16:36:01","slug":"nueva-incorporacion-en-la-federacion-internacional-de-prensa-de-turismo-digital","status":"publish","type":"post","link":"https:\/\/lacuevadedominguez.net.pe\/index.php\/2019\/03\/29\/nueva-incorporacion-en-la-federacion-internacional-de-prensa-de-turismo-digital\/","title":{"rendered":"Nueva incorporaci\u00f3n en la Federaci\u00f3n Internacional de Prensa de Turismo Digital"},"content":{"rendered":"<div class=\"\" data-block=\"true\" data-editor=\"5gss6\" data-offset-key=\"c55j3-0-0\">\n<div class=\"_1mf _1mj\" data-offset-key=\"c55j3-0-0\"><span data-offset-key=\"c55j3-0-0\">Agradecemos la consideraci\u00f3n de la Federaci\u00f3n Internacional de Prensa de Turismo Digital &#8211;\u00a0<\/span><span class=\"_5zk7\" spellcheck=\"false\" data-offset-key=\"c55j3-1-0\"><span data-offset-key=\"c55j3-1-0\">Feinpretudi<\/span><\/span><span data-offset-key=\"c55j3-2-0\">, presidida por la Mg. Elena Villar, por haber incorporado como miembro de la instituci\u00f3n, a la directora de nuestro medio,\u00a0<\/span><span class=\"_5zk7\" spellcheck=\"false\" data-offset-key=\"c55j3-3-0\"><span data-offset-key=\"c55j3-3-0\">La Cueva de Dominguez<\/span><\/span><span data-offset-key=\"c55j3-4-0\">, la <\/span><span class=\"_5zk7\" spellcheck=\"false\" data-offset-key=\"c55j3-5-0\"><span data-offset-key=\"c55j3-5-0\">Periodista Cecilia Portella Morote.\u00a0<\/span><\/span><span data-offset-key=\"c55j3-6-0\">\u00abSer periodista, es desde ya, una responsabilidad importante e ineludible, y ser especializada en temas de turismo implica mayor compromiso con el pa\u00eds ante la visi\u00f3n global del Per\u00fa confrontada con la realidad mundial\u00bb, comento la periodista.<\/span><\/div>\n<div data-offset-key=\"c55j3-0-0\"><\/div>\n<\/div>\n<div class=\"\" data-block=\"true\" data-editor=\"5gss6\" data-offset-key=\"dkuca-0-0\">\n<div class=\"_1mf _1mj\" data-offset-key=\"dkuca-0-0\"><span data-offset-key=\"dkuca-0-0\">Ayer, mi\u00e9rcoles 27 de marzo, en el auditorio principal de la <\/span><span class=\"_5zk7\" spellcheck=\"false\" data-offset-key=\"dkuca-1-0\"><span data-offset-key=\"dkuca-1-0\">Universidad Antonio Ruiz de Montoya<\/span><\/span><span data-offset-key=\"dkuca-2-0\">, tuvo lugar el <strong>II Taller Internacional de Prensa de Turismo,<\/strong> donde destacados profesionales del turismo, el periodismo y las redes sociales compartieron sus experiencias.<\/span><\/div>\n<div data-offset-key=\"dkuca-0-0\"><\/div>\n<\/div>\n<div class=\"\" data-block=\"true\" data-editor=\"5gss6\" data-offset-key=\"egeoq-0-0\">\n<div class=\"_1mf _1mj\" data-offset-key=\"egeoq-0-0\"><span data-offset-key=\"egeoq-0-0\">V\u00eda Skype tuvimos la participaci\u00f3n desde <strong>Punta del Este<\/strong>, Uruguay, de la presidenta del <strong>Bur\u00f3 de Visitantes<\/strong> de la ciudad. Asimismo tuvo destacada participaci\u00f3n, el <strong>Dr. Antonio Pedro Tejera,<\/strong> del grupo de expertos de la <strong>Organizaci\u00f3n Mundial del Turismo &#8211;\u00a0<\/strong><\/span><span class=\"_5zk7\" spellcheck=\"false\" data-offset-key=\"egeoq-1-0\"><span data-offset-key=\"egeoq-1-0\">OMT<\/span><\/span><span data-offset-key=\"egeoq-2-0\"> y <strong>Presidente del Centro Internacional de Estudios Tur\u00edsticos de Canarias, Tenerife.<\/strong><\/span><\/div>\n<div data-offset-key=\"egeoq-0-0\"><\/div>\n<\/div>\n<div class=\"\" data-block=\"true\" data-editor=\"5gss6\" data-offset-key=\"7mmsi-0-0\">\n<div class=\"_1mf _1mj\" data-offset-key=\"7mmsi-0-0\"><span data-offset-key=\"7mmsi-0-0\">Finalmente, destacamos la colaboraci\u00f3n desinteresada de la <strong>Escuela de Turismo Sostenible de la Facultad de Ciencias Sociales de la Universidad Antonio Ruiz de Montoya,<\/strong> quien a trav\u00e9s de su directora, Mg. <\/span><span class=\"_5zk7\" spellcheck=\"false\" data-offset-key=\"7mmsi-1-0\"><span data-offset-key=\"7mmsi-1-0\">Roc\u00edo Lombardi<\/span><\/span><span data-offset-key=\"7mmsi-2-0\"> nos brind\u00f3 sus instalaciones y respaldo log\u00edstico para el \u00e9xito del evento.<\/span><\/div>\n<\/div>\n<div data-offset-key=\"7mmsi-0-0\"><\/div>\n<div data-offset-key=\"7mmsi-0-0\"><\/div>\n<div data-offset-key=\"7mmsi-0-0\"><em>Foto: Ram\u00f3n Payat<\/em><\/div>\n<div class=\"\" data-block=\"true\" data-editor=\"5gss6\" data-offset-key=\"6mdv9-0-0\"><\/div>\n","protected":false},"excerpt":{"rendered":"<p>Agradecemos la consideraci\u00f3n de la Federaci\u00f3n Internacional de Prensa de Turismo Digital &#8211;\u00a0Feinpretudi, presidida por la Mg. Elena Villar, por<\/p>\n","protected":false},"author":1,"featured_media":7801,"comment_status":"open","ping_status":"open","sticky":false,"template":"","format":"standard","meta":{"colormag_page_container_layout":"default_layout","colormag_page_sidebar_layout":"default_layout","footnotes":""},"categories":[2],"tags":[972,976,975,974,863,971,973,532,465,867,113],"class_list":["post-7800","post","type-post","status-publish","format-standard","has-post-thumbnail","hentry","category-eventos","tag-antonio-pedro-tejera","tag-blogger-arturo-bullard","tag-bloggers-de-viajes","tag-buro-de-visitantes-punta-del-este","tag-feinpretudi","tag-mg-elena-villar","tag-organizacion-mundial-del-turismo","tag-periodista-cecilia-portella","tag-prensa-de-turismo","tag-universidad-antonio-ruiz-de-montoya","tag-uruguay"],"_links":{"self":[{"href":"https:\/\/lacuevadedominguez.net.pe\/index.php\/wp-json\/wp\/v2\/posts\/7800","targetHints":{"allow":["GET"]}}],"collection":[{"href":"https:\/\/lacuevadedominguez.net.pe\/index.php\/wp-json\/wp\/v2\/posts"}],"about":[{"href":"https:\/\/lacuevadedominguez.net.pe\/index.php\/wp-json\/wp\/v2\/types\/post"}],"author":[{"embeddable":true,"href":"https:\/\/lacuevadedominguez.net.pe\/index.php\/wp-json\/wp\/v2\/users\/1"}],"replies":[{"embeddable":true,"href":"https:\/\/lacuevadedominguez.net.pe\/index.php\/wp-json\/wp\/v2\/comments?post=7800"}],"version-history":[{"count":1,"href":"https:\/\/lacuevadedominguez.net.pe\/index.php\/wp-json\/wp\/v2\/posts\/7800\/revisions"}],"predecessor-version":[{"id":7802,"href":"https:\/\/lacuevadedominguez.net.pe\/index.php\/wp-json\/wp\/v2\/posts\/7800\/revisions\/7802"}],"wp:featuredmedia":[{"embeddable":true,"href":"https:\/\/lacuevadedominguez.net.pe\/index.php\/wp-json\/wp\/v2\/media\/7801"}],"wp:attachment":[{"href":"https:\/\/lacuevadedominguez.net.pe\/index.php\/wp-json\/wp\/v2\/media?parent=7800"}],"wp:term":[{"taxonomy":"category","embeddable":true,"href":"https:\/\/lacuevadedominguez.net.pe\/index.php\/wp-json\/wp\/v2\/categories?post=7800"},{"taxonomy":"post_tag","embeddable":true,"href":"https:\/\/lacuevadedominguez.net.pe\/index.php\/wp-json\/wp\/v2\/tags?post=7800"}],"curies":[{"name":"wp","href":"https:\/\/api.w.org\/{rel}","templated":true}]}}