{"id":7840,"date":"2019-04-03T12:28:15","date_gmt":"2019-04-03T17:28:15","guid":{"rendered":"http:\/\/lacuevadedominguez.net.pe\/?p=7840"},"modified":"2019-04-03T11:49:57","modified_gmt":"2019-04-03T16:49:57","slug":"compartiendo-el-nuevo-espectaculo-de-cecilia-barraza","status":"publish","type":"post","link":"https:\/\/lacuevadedominguez.net.pe\/index.php\/2019\/04\/03\/compartiendo-el-nuevo-espectaculo-de-cecilia-barraza\/","title":{"rendered":"\u00abCompartiendo\u00bb, el nuevo espect\u00e1culo de Cecilia Barraza"},"content":{"rendered":"<p>\u201cCompartiendo\u201d, aplaudido espect\u00e1culo en el que <strong>Cecilia Barraza<\/strong> reafirma su versatilidad y gran carisma, regresar\u00e1 a los escenarios locales en dos \u00faltimas funciones, a realizarse los d\u00edas <strong>24 y 25 de mayo, en el Auditorio del Colegio Santa \u00darsula.<\/strong> En este show \u00edntimo, Barraza volver\u00e1 a estar acompa\u00f1ada por <strong>Maritza Rodr\u00edguez, Mar\u00eda del Carmen Padilla\u00a0y\u00a0Larissa S\u00e1nchez<\/strong>, j\u00f3venes cantantes de reconocido talento.<\/p>\n<p>Sus \u2018Cecilovers\u2019, como Barraza llama a sus seguidores, tendr\u00e1n una nueva oportunidad para verla brillar en un recital completamente diferente, en el que la criolla transita por g\u00e9neros que no hace con frecuencia, pero que le son familiares, una magn\u00edfica presentaci\u00f3n por la que recibi\u00f3 las mejores cr\u00edticas de la prensa especializada y de su p\u00fablico. En una corta temporada, fueron muchos los que se quedaron con las ganas de verla porque se agotaron las localidades de todas sus funciones.<\/p>\n<p>Cl\u00e1sicos del cancionero latinoamericano expresados en <strong>boleros, rancheras, milongas y son cubano<\/strong>; y g\u00e9neros de la m\u00fasica popular peruana como <strong>huainos, valses, tonderos, zamacuecas y marineras<\/strong> son parte del selecto repertorio con el que Cecilia logra transmitir su esencia musical.<\/p>\n<p>En escena, como si estuviera en una reuni\u00f3n de amigos, la cantante no solo derrocha talento y picard\u00eda, dones con los que encandila al respetable, sino que comparte con su p\u00fablico divertidas an\u00e9cdotas de sus experiencias vividas a lo largo de sus 48 a\u00f1os de exitosa carrera art\u00edstica. \u201cEs como invitarlos a una funci\u00f3n en la sala de mi casa\u201d, adelanta Barraza y lo cumple ampliamente.<\/p>\n<p>Cecilia volver\u00e1 a juntarse sobre la palestra con las potentes voces y mejores interpretaciones de Maritza Rodr\u00edguez, Larissa S\u00e1nchez y Mar\u00eda del Carmen Padilla, cada una de ellas con su propio estilo y gran registro vocal. Estas tres artistas son, para la cantante, grandes promesas de la m\u00fasica peruana que incursionan durante el espect\u00e1culo indistintamente en el <strong>yarav\u00ed, la salsa, la m\u00fasica negra, el bolero, las baladas y la fusi\u00f3n con aires de flamenco<\/strong>, entre otros ritmos.<\/p>\n<p>Producido por <strong>ARC La Compa\u00f1\u00eda<\/strong> y bajo la direcci\u00f3n musical del experimentado maestro <strong>\u00d3scar Cavero<\/strong>, al frente de una s\u00f3lida orquesta, \u201cCompartiendo\u201d tiene adem\u00e1s como invitado especial a Antonio V\u00edlchez. El talentoso bailar\u00edn y zapateador suma a cada n\u00famero musical eficaces coreograf\u00edas. Sin duda, un show altamente recomendable para llevar a mam\u00e1 a disfrutar del arte de una de las cantantes m\u00e1s prestigiosas y reconocidas que tiene el Per\u00fa.<\/p>\n<p><strong>DATOS:<\/strong><\/p>\n<p>Lugar: Auditorio del\u00a0Colegio\u00a0Santa\u00a0\u00darsula\u00a0(Direcci\u00f3n:\u00a0Santo Toribio 143 &#8211; San Isidro)<\/p>\n<p>Fechas:\u00a0 24 y 25 de mayo<\/p>\n<p>Hora: 8:30 p.m.<\/p>\n<p>Entradas: En Teleticket<\/p>\n<p>Preventa: 20% de descuento hasta el 22 de abril con cualquier medio de pago<\/p>\n","protected":false},"excerpt":{"rendered":"<p>\u201cCompartiendo\u201d, aplaudido espect\u00e1culo en el que Cecilia Barraza reafirma su versatilidad y gran carisma, regresar\u00e1 a los escenarios locales en<\/p>\n","protected":false},"author":1,"featured_media":7841,"comment_status":"open","ping_status":"open","sticky":false,"template":"","format":"standard","meta":{"colormag_page_container_layout":"default_layout","colormag_page_sidebar_layout":"default_layout","footnotes":""},"categories":[5],"tags":[1027,1026,1029,573,1028,1022,1025,1030,1024,477,482,1023],"class_list":["post-7840","post","type-post","status-publish","format-standard","has-post-thumbnail","hentry","category-recomendados","tag-baladas","tag-bolero","tag-cecilia-barraza","tag-cultura-peruana","tag-fusion-con-aires-de-flamenco","tag-guitarrista-oscar-cavero","tag-musica-negra","tag-ritmos-peruanos","tag-salsa","tag-teleticket","tag-turismo-cultural","tag-yaravi"],"_links":{"self":[{"href":"https:\/\/lacuevadedominguez.net.pe\/index.php\/wp-json\/wp\/v2\/posts\/7840","targetHints":{"allow":["GET"]}}],"collection":[{"href":"https:\/\/lacuevadedominguez.net.pe\/index.php\/wp-json\/wp\/v2\/posts"}],"about":[{"href":"https:\/\/lacuevadedominguez.net.pe\/index.php\/wp-json\/wp\/v2\/types\/post"}],"author":[{"embeddable":true,"href":"https:\/\/lacuevadedominguez.net.pe\/index.php\/wp-json\/wp\/v2\/users\/1"}],"replies":[{"embeddable":true,"href":"https:\/\/lacuevadedominguez.net.pe\/index.php\/wp-json\/wp\/v2\/comments?post=7840"}],"version-history":[{"count":1,"href":"https:\/\/lacuevadedominguez.net.pe\/index.php\/wp-json\/wp\/v2\/posts\/7840\/revisions"}],"predecessor-version":[{"id":7842,"href":"https:\/\/lacuevadedominguez.net.pe\/index.php\/wp-json\/wp\/v2\/posts\/7840\/revisions\/7842"}],"wp:featuredmedia":[{"embeddable":true,"href":"https:\/\/lacuevadedominguez.net.pe\/index.php\/wp-json\/wp\/v2\/media\/7841"}],"wp:attachment":[{"href":"https:\/\/lacuevadedominguez.net.pe\/index.php\/wp-json\/wp\/v2\/media?parent=7840"}],"wp:term":[{"taxonomy":"category","embeddable":true,"href":"https:\/\/lacuevadedominguez.net.pe\/index.php\/wp-json\/wp\/v2\/categories?post=7840"},{"taxonomy":"post_tag","embeddable":true,"href":"https:\/\/lacuevadedominguez.net.pe\/index.php\/wp-json\/wp\/v2\/tags?post=7840"}],"curies":[{"name":"wp","href":"https:\/\/api.w.org\/{rel}","templated":true}]}}