{"id":7918,"date":"2019-04-29T10:16:28","date_gmt":"2019-04-29T15:16:28","guid":{"rendered":"http:\/\/lacuevadedominguez.net.pe\/?p=7918"},"modified":"2019-04-29T10:04:28","modified_gmt":"2019-04-29T15:04:28","slug":"sao-paulo-y-quito-en-vuelo-directo-desde-canada","status":"publish","type":"post","link":"https:\/\/lacuevadedominguez.net.pe\/index.php\/2019\/04\/29\/sao-paulo-y-quito-en-vuelo-directo-desde-canada\/","title":{"rendered":"Sao Paulo y Quito en vuelo directo desde Canad\u00e1"},"content":{"rendered":"<p style=\"font-weight: 400;\">A partir del mes de diciembre 2019, Air Canada ofrecer\u00e1 nuevos servicios estacionales sin escalas hacia dos ciudades de Sudam\u00e9rica: <strong>Montreal-Sao Paulo y Toronto-Quito<\/strong>, rutas que demuestran la expansi\u00f3n de la aerol\u00ednea en esta zona del continente.<\/p>\n<p style=\"font-weight: 400;\"><strong>El nuevo servicio Toronto-Quito<\/strong>, seg\u00fan inform\u00f3 la compa\u00f1\u00eda a\u00e9rea, ser\u00e1 inicialmente estacional y cubrir\u00e1 los meses <strong>de diciembre a mayo, comenzando a operar a partir del 8 de diciembre.<\/strong><\/p>\n<p style=\"font-weight: 400;\">\u00abComo capital de Ecuador, Quito es un importante mercado de turismo y carga, y Ecuador tiene un n\u00famero creciente de canadienses que viven en el pa\u00eds que tambi\u00e9n se beneficiar\u00e1 de este conveniente servicio sin escalas\u00bb, indic\u00f3 la aerol\u00ednea a trav\u00e9s de un comunicado.<\/p>\n<p style=\"font-weight: 400;\">La ruta <strong>Montreal \u2013 Sao Paulo<\/strong>, por su parte, tendr\u00e1 vuelos disponibles <strong>desde el 11 de diciembre hasta el 27 de marzo del 2020.<\/strong> \u00abAir Canada est\u00e1 dando continuidad a su expansi\u00f3n internacional desde Montreal con el lanzamiento del \u00fanico vuelo sin escalas entre Montreal y Brasil. Adem\u00e1s, complementa el servicio existente para Toronto, ofreciendo una gran oportunidad para los brasile\u00f1os que buscan vacaciones de invierno\u201d, asegur\u00f3 la compa\u00f1\u00eda.<\/p>\n<p style=\"font-weight: 400;\">Cabe se\u00f1alar que, en ambos casos,<strong> las rutas tendr\u00e1n una frecuencia de tres veces por semana<\/strong> convirti\u00e9ndose, adem\u00e1s, en los \u00fanicos vuelos sin escalas entre las ciudades mencionadas.\u00a0 Los boletos ya se pueden adquirir en\u00a0<a href=\"http:\/\/www.aircanada.com\/\" data-saferedirecturl=\"https:\/\/www.google.com\/url?q=http:\/\/www.aircanada.com\/&amp;source=gmail&amp;ust=1556633259621000&amp;usg=AFQjCNHL4nTiQIiChSwwXFT3HklPYlauRg\" target=\"_blank\" rel=\"noopener\">www.aircanada.com<\/a>\u00a0o v\u00eda agencias de viajes.<\/p>\n<p style=\"font-weight: 400;\">\n","protected":false},"excerpt":{"rendered":"<p>A partir del mes de diciembre 2019, Air Canada ofrecer\u00e1 nuevos servicios estacionales sin escalas hacia dos ciudades de Sudam\u00e9rica:<\/p>\n","protected":false},"author":1,"featured_media":7919,"comment_status":"open","ping_status":"open","sticky":false,"template":"","format":"standard","meta":{"colormag_page_container_layout":"default_layout","colormag_page_sidebar_layout":"default_layout","footnotes":""},"categories":[11],"tags":[379,238,1131,1078,1130,161,1128,1129,143],"class_list":["post-7918","post","type-post","status-publish","format-standard","has-post-thumbnail","hentry","category-turismo","tag-air-canada","tag-lineas-aereas","tag-montreal","tag-press-tour","tag-rutas-sin-escalas","tag-toronto","tag-turismo-quito","tag-turismo-sao-paulo","tag-viajes"],"_links":{"self":[{"href":"https:\/\/lacuevadedominguez.net.pe\/index.php\/wp-json\/wp\/v2\/posts\/7918","targetHints":{"allow":["GET"]}}],"collection":[{"href":"https:\/\/lacuevadedominguez.net.pe\/index.php\/wp-json\/wp\/v2\/posts"}],"about":[{"href":"https:\/\/lacuevadedominguez.net.pe\/index.php\/wp-json\/wp\/v2\/types\/post"}],"author":[{"embeddable":true,"href":"https:\/\/lacuevadedominguez.net.pe\/index.php\/wp-json\/wp\/v2\/users\/1"}],"replies":[{"embeddable":true,"href":"https:\/\/lacuevadedominguez.net.pe\/index.php\/wp-json\/wp\/v2\/comments?post=7918"}],"version-history":[{"count":1,"href":"https:\/\/lacuevadedominguez.net.pe\/index.php\/wp-json\/wp\/v2\/posts\/7918\/revisions"}],"predecessor-version":[{"id":7920,"href":"https:\/\/lacuevadedominguez.net.pe\/index.php\/wp-json\/wp\/v2\/posts\/7918\/revisions\/7920"}],"wp:featuredmedia":[{"embeddable":true,"href":"https:\/\/lacuevadedominguez.net.pe\/index.php\/wp-json\/wp\/v2\/media\/7919"}],"wp:attachment":[{"href":"https:\/\/lacuevadedominguez.net.pe\/index.php\/wp-json\/wp\/v2\/media?parent=7918"}],"wp:term":[{"taxonomy":"category","embeddable":true,"href":"https:\/\/lacuevadedominguez.net.pe\/index.php\/wp-json\/wp\/v2\/categories?post=7918"},{"taxonomy":"post_tag","embeddable":true,"href":"https:\/\/lacuevadedominguez.net.pe\/index.php\/wp-json\/wp\/v2\/tags?post=7918"}],"curies":[{"name":"wp","href":"https:\/\/api.w.org\/{rel}","templated":true}]}}