{"id":7929,"date":"2019-04-30T10:59:41","date_gmt":"2019-04-30T15:59:41","guid":{"rendered":"http:\/\/lacuevadedominguez.net.pe\/?p=7929"},"modified":"2019-04-29T21:46:11","modified_gmt":"2019-04-30T02:46:11","slug":"cecilia-barraza-presentara-en-recital-compartiendo-a-su-hermano-miguel","status":"publish","type":"post","link":"https:\/\/lacuevadedominguez.net.pe\/index.php\/2019\/04\/30\/cecilia-barraza-presentara-en-recital-compartiendo-a-su-hermano-miguel\/","title":{"rendered":"Cecilia Barraza presentar\u00e1 en recital \u00abCompartiendo\u00bb a su hermano Miguel"},"content":{"rendered":"<p style=\"font-weight: 400;\">La a\u00f1oranza que por mucho tiempo sinti\u00f3 Cecilia Barraza \u00a0por volver a actuar con su hermano Miguel por fin quedar\u00e1 atr\u00e1s. La cantante ha invitado al humorista a ser parte de <strong>\u201cCompartiendo\u201d, aplaudido recital<\/strong> que llegar\u00e1 al <strong>auditorio del colegio Santa \u00darsula, este 24 y 25 de mayo<\/strong>. Valdr\u00e1 esta peculiar ocasi\u00f3n para que los Barraza le rindan homenaje a Julita, su madre recientemente desaparecida.<\/p>\n<p style=\"font-weight: 400;\">Y c\u00f3mo, no evocarla, si fue Julia Hora la mayor impulsora del talento art\u00edstico de sus hijos.\u00a0 Ella los anim\u00f3 a formar el <strong>\u201cClan Barraza\u201d, un espect\u00e1culo familiar en el que se combinaba el canto, con la declamaci\u00f3n y la comedia.<\/strong> \u201cVamos a dedicar estos conciertos a la memoria de Julita. Ella falleci\u00f3 este a\u00f1o, exactamente el 22 de febrero. La recordaremos con mucha alegr\u00eda y celebraremos ese cari\u00f1o que sentimos por nuestras madres\u201d, afirma Cecilia visiblemente emocionada por volver a contar con un miembro de su familia en su espect\u00e1culo \u201cCompartiendo\u201d.<\/p>\n<p style=\"font-weight: 400;\">\u201cInvitar a Miguel es una idea que siempre tuve en mi mente y, m\u00e1s ahora, que estamos m\u00e1s juntos que nunca. Llam\u00e9 a este recital \u2018Compartiendo\u2019 y qu\u00e9 mejor que hacerlo, despu\u00e9s de muchos a\u00f1os, con mi propio hermano. Demostraremos que \u00e9l no solo hace re\u00edr al p\u00fablico a mand\u00edbula batiente, sino que tambi\u00e9n llega al coraz\u00f3n con la poes\u00eda y el canto. M\u00e1s all\u00e1 que la comicidad, es un artista completo\u201d, acota la int\u00e9rprete sobre la participaci\u00f3n de Miguelito en el espect\u00e1culo en el que tambi\u00e9n son <strong>invitadas especiales las destacadas cantantes Larissa S\u00e1nchez, Maritza Rodr\u00edguez y Maricarmen Padilla.<\/strong><\/p>\n<p style=\"font-weight: 400;\">Por su parte, Miguel sostiene: \u201cHe tomado la invitaci\u00f3n de Cecilia con mucho cari\u00f1o y mucho respeto porque ella es una gran profesional. Le agradezco de todo coraz\u00f3n y dar\u00e9 todo de m\u00ed en el escenario. Me encanta la poes\u00eda, me gusta recitar. Adem\u00e1s, contar\u00e9 unos chistecitos y cantaremos juntos\u201d.<\/p>\n<p style=\"font-weight: 400;\"><strong>Del show<\/strong><\/p>\n<p style=\"font-weight: 400;\">Cl\u00e1sicos\u00a0boleros, rancheras, milongas, son cubano, huainos, valses, tonderos, zamacuecas y marineras son parte del selecto repertorio de \u201cCompartiendo\u201d, concierto que el a\u00f1o pasado mostr\u00f3 una Cecilia Barraza polifac\u00e9tica, capaz de discurrir con soltura y elegancia en cuanto g\u00e9nero aborde sobre el escenario. Matizan el recital, sus divertidas an\u00e9cdotas y experiencias ganadas en sus 48 a\u00f1os de exitosa carrera art\u00edstica.<\/p>\n<p style=\"font-weight: 400;\"><strong>Producido por ARC La Compa\u00f1\u00eda, el destacado maestro \u00d3scar Cavero<\/strong>, es el encargado de la direcci\u00f3n musical y el no menos talentoso bailar\u00edn y zapateador Antonio V\u00edlchez le pone ritmo y color a cada n\u00famero musical con sus coreograf\u00edas.<\/p>\n<p style=\"font-weight: 400;\"><strong><br \/>\nM\u00c1S INFORMACI\u00d3N<\/strong><\/p>\n<p style=\"font-weight: 400;\">Lugar:\u00a0Auditorio del\u00a0Colegio\u00a0Santa\u00a0\u00darsula\u00a0(Direcci\u00f3n:\u00a0Santo Toribio 143-San Isidro)<\/p>\n<p style=\"font-weight: 400;\">Fechas: 24 y 25 de mayo<\/p>\n<p style=\"font-weight: 400;\">Hora: 8:30 p.m.<\/p>\n<p style=\"font-weight: 400;\">Entradas: En Teleticket<\/p>\n","protected":false},"excerpt":{"rendered":"<p>La a\u00f1oranza que por mucho tiempo sinti\u00f3 Cecilia Barraza \u00a0por volver a actuar con su hermano Miguel por fin quedar\u00e1<\/p>\n","protected":false},"author":1,"featured_media":7930,"comment_status":"open","ping_status":"open","sticky":false,"template":"","format":"standard","meta":{"colormag_page_container_layout":"default_layout","colormag_page_sidebar_layout":"default_layout","footnotes":""},"categories":[2],"tags":[1147,1029,83,1022,1148,1146,477,482],"class_list":["post-7929","post","type-post","status-publish","format-standard","has-post-thumbnail","hentry","category-eventos","tag-auditorio-colegio-santa-ursula","tag-cecilia-barraza","tag-eventos","tag-guitarrista-oscar-cavero","tag-maritza-rodriguez","tag-miguel-barraza","tag-teleticket","tag-turismo-cultural"],"_links":{"self":[{"href":"https:\/\/lacuevadedominguez.net.pe\/index.php\/wp-json\/wp\/v2\/posts\/7929","targetHints":{"allow":["GET"]}}],"collection":[{"href":"https:\/\/lacuevadedominguez.net.pe\/index.php\/wp-json\/wp\/v2\/posts"}],"about":[{"href":"https:\/\/lacuevadedominguez.net.pe\/index.php\/wp-json\/wp\/v2\/types\/post"}],"author":[{"embeddable":true,"href":"https:\/\/lacuevadedominguez.net.pe\/index.php\/wp-json\/wp\/v2\/users\/1"}],"replies":[{"embeddable":true,"href":"https:\/\/lacuevadedominguez.net.pe\/index.php\/wp-json\/wp\/v2\/comments?post=7929"}],"version-history":[{"count":1,"href":"https:\/\/lacuevadedominguez.net.pe\/index.php\/wp-json\/wp\/v2\/posts\/7929\/revisions"}],"predecessor-version":[{"id":7931,"href":"https:\/\/lacuevadedominguez.net.pe\/index.php\/wp-json\/wp\/v2\/posts\/7929\/revisions\/7931"}],"wp:featuredmedia":[{"embeddable":true,"href":"https:\/\/lacuevadedominguez.net.pe\/index.php\/wp-json\/wp\/v2\/media\/7930"}],"wp:attachment":[{"href":"https:\/\/lacuevadedominguez.net.pe\/index.php\/wp-json\/wp\/v2\/media?parent=7929"}],"wp:term":[{"taxonomy":"category","embeddable":true,"href":"https:\/\/lacuevadedominguez.net.pe\/index.php\/wp-json\/wp\/v2\/categories?post=7929"},{"taxonomy":"post_tag","embeddable":true,"href":"https:\/\/lacuevadedominguez.net.pe\/index.php\/wp-json\/wp\/v2\/tags?post=7929"}],"curies":[{"name":"wp","href":"https:\/\/api.w.org\/{rel}","templated":true}]}}