{"id":7991,"date":"2019-05-14T09:24:58","date_gmt":"2019-05-14T14:24:58","guid":{"rendered":"http:\/\/lacuevadedominguez.net.pe\/?p=7991"},"modified":"2019-05-14T08:47:18","modified_gmt":"2019-05-14T13:47:18","slug":"mes-de-la-cultura-europea-en-el-peru-cronograma-de-actividades","status":"publish","type":"post","link":"https:\/\/lacuevadedominguez.net.pe\/index.php\/2019\/05\/14\/mes-de-la-cultura-europea-en-el-peru-cronograma-de-actividades\/","title":{"rendered":"Mes de la cultura europea en el Per\u00fa: Cronograma de Actividades"},"content":{"rendered":"<p>Teatro, M\u00fasica, Eventos acad\u00e9micos, Danza, Cine y mucho m\u00e1s.<\/p>\n<p>Estos son los eventos m\u00e1s destacados de la agenda cultural por el\u00a0\u00a0<a class=\"_58cn\" href=\"https:\/\/www.facebook.com\/hashtag\/mesdeeuropaenper%C3%BA?epa=HASHTAG&amp;__xts__%5B0%5D=68.ARCG2nBkNPw10s-hXI9pCVTMjQgB0q7Tqz8of3RrtKsbNoreK7IvAD3g2suODuNIl8rweXq20M4RXRBhMT4ocQh3qTFobsHj00RCI4UuTS0QAVz9e3OHiDB-7wNS_M8BpvG7PfYKUqHtiFvJ6xMv9Hr3MYGfBElhCs789xF7QAJ_ly_jCJL1UqcC1JX0G7YgsIX7fOXuix7W_MDbgX9M2PXtOQ&amp;__tn__=%2ANK%2AF\" data-ft=\"{&quot;type&quot;:104,&quot;tn&quot;:&quot;*N&quot;}\" target=\"_blank\" rel=\"noopener\">#MesDeEuropaEnPer\u00fa<\/a><\/p>\n<p>Celebra, disfrutando de lo mejor de la cultura Europea.<br \/>\n<a href=\"https:\/\/europa.eu\/!DB74Qk?fbclid=IwAR3tMAV866rNGJixe52Kj1fropzb4Xh0BO79hFjamcZT4flwTxDAxaZVoJI\" target=\"_blank\" rel=\"nofollow noopener\" data-lynx-mode=\"async\" data-lynx-uri=\"https:\/\/l.facebook.com\/l.php?u=https%3A%2F%2Feuropa.eu%2F%21DB74Qk%3Ffbclid%3DIwAR3tMAV866rNGJixe52Kj1fropzb4Xh0BO79hFjamcZT4flwTxDAxaZVoJI&amp;h=AT28DBfDHxoVp7qJce_ol116_3rAqelQWEuZP-UpMTjlIk2kf4jTxQzY5r9mMb7ihBW1KxaXONkArmn2P6wnVNqd7y7V7NTcu45v1KQqIW36WwnQewrl31WvjzscHHUtKaYgcdsyo-78n3kac9-BZD58YHzTh7kns0GiWl_K4MchOO1yJ-b93sCF6YqZkh7srX5IPY22NqYGZTD16-R9HKH_cpc8uHVPO4ONGuNh0nLe8jDAeXHTpj7ym6sI7t49xDR1thvqvJkTfmIj3GxqpuPeb-n8W7-axaRUAWCfxwiS0SMWlNJ6F9udCcrqx8MQBMiJ9OVLfIJaFNFIDHTlNOLVSOREU1Dwfp1axrcRHpNYCAA08vVAdGSh-q_WpZBIJ7HNII8VJYZDAfsPmQsQQHq0QdPPp2a_DCGEst3pwWy_vz1ecOLwEU1xwWknL-mZ\">https:\/\/europa.eu\/!DB74Qk<\/a><\/p>\n","protected":false},"excerpt":{"rendered":"<p>Teatro, M\u00fasica, Eventos acad\u00e9micos, Danza, Cine y mucho m\u00e1s. Estos son los eventos m\u00e1s destacados de la agenda cultural por<\/p>\n","protected":false},"author":1,"featured_media":7992,"comment_status":"open","ping_status":"open","sticky":false,"template":"","format":"standard","meta":{"colormag_page_container_layout":"default_layout","colormag_page_sidebar_layout":"default_layout","footnotes":""},"categories":[2],"tags":[923,1257,1254,73,1258,1255,1256,1253,482,357],"class_list":["post-7991","post","type-post","status-publish","format-standard","has-post-thumbnail","hentry","category-eventos","tag-alianza-francesa-de-lima","tag-centro-cultural-de-espana","tag-cultura-europa","tag-europa","tag-gran-teatro-nacional-del-peru","tag-instituto-goethe","tag-istituto-italiano-di-cultura-en-lima","tag-prensa-cultural","tag-turismo-cultural","tag-union-europea"],"_links":{"self":[{"href":"https:\/\/lacuevadedominguez.net.pe\/index.php\/wp-json\/wp\/v2\/posts\/7991","targetHints":{"allow":["GET"]}}],"collection":[{"href":"https:\/\/lacuevadedominguez.net.pe\/index.php\/wp-json\/wp\/v2\/posts"}],"about":[{"href":"https:\/\/lacuevadedominguez.net.pe\/index.php\/wp-json\/wp\/v2\/types\/post"}],"author":[{"embeddable":true,"href":"https:\/\/lacuevadedominguez.net.pe\/index.php\/wp-json\/wp\/v2\/users\/1"}],"replies":[{"embeddable":true,"href":"https:\/\/lacuevadedominguez.net.pe\/index.php\/wp-json\/wp\/v2\/comments?post=7991"}],"version-history":[{"count":1,"href":"https:\/\/lacuevadedominguez.net.pe\/index.php\/wp-json\/wp\/v2\/posts\/7991\/revisions"}],"predecessor-version":[{"id":7993,"href":"https:\/\/lacuevadedominguez.net.pe\/index.php\/wp-json\/wp\/v2\/posts\/7991\/revisions\/7993"}],"wp:featuredmedia":[{"embeddable":true,"href":"https:\/\/lacuevadedominguez.net.pe\/index.php\/wp-json\/wp\/v2\/media\/7992"}],"wp:attachment":[{"href":"https:\/\/lacuevadedominguez.net.pe\/index.php\/wp-json\/wp\/v2\/media?parent=7991"}],"wp:term":[{"taxonomy":"category","embeddable":true,"href":"https:\/\/lacuevadedominguez.net.pe\/index.php\/wp-json\/wp\/v2\/categories?post=7991"},{"taxonomy":"post_tag","embeddable":true,"href":"https:\/\/lacuevadedominguez.net.pe\/index.php\/wp-json\/wp\/v2\/tags?post=7991"}],"curies":[{"name":"wp","href":"https:\/\/api.w.org\/{rel}","templated":true}]}}