{"id":8005,"date":"2019-05-16T09:30:07","date_gmt":"2019-05-16T14:30:07","guid":{"rendered":"http:\/\/lacuevadedominguez.net.pe\/?p=8005"},"modified":"2019-05-16T09:30:07","modified_gmt":"2019-05-16T14:30:07","slug":"sumate-a-la-colecta-nacional-de-magia-para-vencer-el-cancer-infantil","status":"publish","type":"post","link":"https:\/\/lacuevadedominguez.net.pe\/index.php\/2019\/05\/16\/sumate-a-la-colecta-nacional-de-magia-para-vencer-el-cancer-infantil\/","title":{"rendered":"S\u00famate a la Colecta Nacional de Magia, para vencer el c\u00e1ncer infantil"},"content":{"rendered":"<p style=\"font-weight: 400;\"><strong>Magia- Asociaci\u00f3n de Voluntarias por los ni\u00f1os con c\u00e1ncer<\/strong>, lucha hace m\u00e1s de 40 a\u00f1os para\u00a0 que ning\u00fan ni\u00f1o con c\u00e1ncer se quede sin tratamiento por falta de recursos econ\u00f3micos. Por ello, hace un llamado de solidaridad a todos los peruanos, para que se<strong>\u00a0sumen a la batalla contra el c\u00e1ncer infantil este 23, 24, 25 y 26 de mayo.<\/strong><\/p>\n<p style=\"font-weight: 400;\">Magia apoya a los ni\u00f1os y a sus familias a afrontar los costos de medicinas, tratamiento, pr\u00f3tesis, transporte, programas de recreaci\u00f3n y alimentaci\u00f3n as\u00ed como el hospedaje en su albergue durante todo su tratamiento.<\/p>\n<p style=\"font-weight: 400;\">Actualmente, el Per\u00fa registra una de\u00a0 las tasas\u00a0 m\u00e1s altas de mortalidad en c\u00e1ncer infantil en toda la regi\u00f3n. Sin embargo, estas cifras revelan que el alto riesgo no se debe necesariamente a los peligros de la enfermedad, sino a factores como la falta de un diagn\u00f3stico temprano o al abandono del tratamiento.<\/p>\n<p style=\"font-weight: 400;\"><em>\u201cBuscamos dar una se\u00f1al de alarma acerca de la situaci\u00f3n dram\u00e1tica que enfrentan los ni\u00f1os con c\u00e1ncer en el Per\u00fa. A pesar de este duro panorama, en Magia estamos seguros que si todos los peruanos nos unimos a esta batalla, podemos matar al c\u00e1ncer y disminuir la tasa de mortalidad de nuestros ni\u00f1os\u201d<\/em>, sostuvo la Dra. Essy\u00a0 Maradiegue, Pediatra Onc\u00f3loga.<\/p>\n<p style=\"font-weight: 400;\">Para este 2019, las voluntarias de\u00a0<strong>MAGIA\u00a0<\/strong>esperan alcanzar los S\/.4 millones, superando as\u00ed la meta alcanzada el a\u00f1o pasado. Con este monto se podr\u00e1 hacer realidad la ampliaci\u00f3n de la\u00a0<strong>CASA MAGIA<\/strong>,\u00a0con lo que se espera poder albergar al doble de ni\u00f1os,\u00a0 que\u00a0 provienen del interior del pa\u00eds para recibir su tratamiento.<\/p>\n<p style=\"font-weight: 400;\"><strong>\u00a1<\/strong><strong>Todos podemos donar de forma muy f\u00e1cil<\/strong>!\u00a0 Las donaciones se podr\u00e1n realizar a trav\u00e9s de las Tarjetas Visa Mastercard, aplicativo Smartphone Interbank, aplicativo Tunki (cel: 946 493 104), Transferencias a Interbank\u00a0 y\u00a0 mediante otras modalidades,\u00a0 ent\u00e9rate m\u00e1s la p\u00e1gina web:<a href=\"http:\/\/www.lamagiacuraelcancer.com\/\" data-saferedirecturl=\"https:\/\/www.google.com\/url?q=http:\/\/www.lamagiacuraelcancer.com&amp;source=gmail&amp;ust=1558102754054000&amp;usg=AFQjCNHDsxFirHf50wLVmiaB18c4rxbETg\" target=\"_blank\" rel=\"noopener\">www.lamagiacuraelcancer.com<\/a><\/p>\n<p style=\"font-weight: 400;\">\n","protected":false},"excerpt":{"rendered":"<p>Magia- Asociaci\u00f3n de Voluntarias por los ni\u00f1os con c\u00e1ncer, lucha hace m\u00e1s de 40 a\u00f1os para\u00a0 que ning\u00fan ni\u00f1o con<\/p>\n","protected":false},"author":1,"featured_media":8006,"comment_status":"open","ping_status":"open","sticky":false,"template":"","format":"standard","meta":{"colormag_page_container_layout":"default_layout","colormag_page_sidebar_layout":"default_layout","footnotes":""},"categories":[5],"tags":[1275,142,1120],"class_list":["post-8005","post","type-post","status-publish","format-standard","has-post-thumbnail","hentry","category-recomendados","tag-colecta-publica-nacional","tag-evento","tag-magia-asociacion-de-voluntarias-por-los-ninos-con-cancer"],"_links":{"self":[{"href":"https:\/\/lacuevadedominguez.net.pe\/index.php\/wp-json\/wp\/v2\/posts\/8005","targetHints":{"allow":["GET"]}}],"collection":[{"href":"https:\/\/lacuevadedominguez.net.pe\/index.php\/wp-json\/wp\/v2\/posts"}],"about":[{"href":"https:\/\/lacuevadedominguez.net.pe\/index.php\/wp-json\/wp\/v2\/types\/post"}],"author":[{"embeddable":true,"href":"https:\/\/lacuevadedominguez.net.pe\/index.php\/wp-json\/wp\/v2\/users\/1"}],"replies":[{"embeddable":true,"href":"https:\/\/lacuevadedominguez.net.pe\/index.php\/wp-json\/wp\/v2\/comments?post=8005"}],"version-history":[{"count":1,"href":"https:\/\/lacuevadedominguez.net.pe\/index.php\/wp-json\/wp\/v2\/posts\/8005\/revisions"}],"predecessor-version":[{"id":8007,"href":"https:\/\/lacuevadedominguez.net.pe\/index.php\/wp-json\/wp\/v2\/posts\/8005\/revisions\/8007"}],"wp:featuredmedia":[{"embeddable":true,"href":"https:\/\/lacuevadedominguez.net.pe\/index.php\/wp-json\/wp\/v2\/media\/8006"}],"wp:attachment":[{"href":"https:\/\/lacuevadedominguez.net.pe\/index.php\/wp-json\/wp\/v2\/media?parent=8005"}],"wp:term":[{"taxonomy":"category","embeddable":true,"href":"https:\/\/lacuevadedominguez.net.pe\/index.php\/wp-json\/wp\/v2\/categories?post=8005"},{"taxonomy":"post_tag","embeddable":true,"href":"https:\/\/lacuevadedominguez.net.pe\/index.php\/wp-json\/wp\/v2\/tags?post=8005"}],"curies":[{"name":"wp","href":"https:\/\/api.w.org\/{rel}","templated":true}]}}