{"id":8068,"date":"2019-06-03T09:37:02","date_gmt":"2019-06-03T14:37:02","guid":{"rendered":"http:\/\/lacuevadedominguez.net.pe\/?p=8068"},"modified":"2019-06-03T09:37:02","modified_gmt":"2019-06-03T14:37:02","slug":"dejate-abrazar-una-campana-convocada-por-la-orden-jesuita-en-pro-de-la-amazonia","status":"publish","type":"post","link":"https:\/\/lacuevadedominguez.net.pe\/index.php\/2019\/06\/03\/dejate-abrazar-una-campana-convocada-por-la-orden-jesuita-en-pro-de-la-amazonia\/","title":{"rendered":"\u00abD\u00e9jate abrazar\u00bb, una campa\u00f1a convocada por la Orden Jesuita en pro de la Amazon\u00eda"},"content":{"rendered":"<p>Este 25 de junio se lanzar\u00e1 la campa\u00f1a <strong>D\u00e9jate Abrazar en el auditorio de la Universidad Antonio\u00a0<\/strong><strong>Ruiz de Montoya (Lima, Per\u00fa).<\/strong> Esta iniciativa de los jesuitas de Latinoam\u00e9rica, dirigida a Am\u00e9rica y parte de Europa, busca <strong>crear conciencia sobre las principales problem\u00e1ticas de la Amazon\u00eda<\/strong>, dar a conocer el trabajo de los jesuitas en la regi\u00f3n, y expandir redes de solidaridad que permitan recaudar fondos para la sostenibilidad de su trabajo.<\/p>\n<p>En consonancia con el renovado impulso que el Papa Francisco ha dado a la labor de la Iglesia en la Amazon\u00eda, los jesuitas de Latinoam\u00e9rica vienen potenciando su misi\u00f3n en la regi\u00f3n a trav\u00e9s del <strong>Servicio Jesuita a la PanAmazon\u00eda (SJPAM),<\/strong> desde el cual articulan y dinamizan su misi\u00f3n junto a las <strong>comunidades ind\u00edgenas, la Iglesia Cat\u00f3lica y diversos actores del desarrollo<\/strong>. Aunque se han dado pasos importantes en esta labor, hoy se necesitan nuevos recursos para seguir luchando por la preservaci\u00f3n de la vida de la regi\u00f3n. En respuesta a esta necesidad nace <strong>D\u00e9jate Abrazar, campa\u00f1a que se extender\u00e1 hasta fines del presente a\u00f1o y cuya motivaci\u00f3n se alinea al esp\u00edritu del pr\u00f3ximo S\u00ednodo Amaz\u00f3nico<\/strong>, encuentro convocado por el Papa y en el que el Cardenal Pedro Barreto SJ participa como organizador.<\/p>\n<p>El d\u00eda del lanzamiento contaremos con la grata presencia de Mons. Alfredo Vizcarra SJ, obispo de Ja\u00e9n; el P. Roberto Jaramillo SJ, presidente de la Conferencia de Provinciales Jesuitas de Am\u00e9rica Latina (CPAL); el P. Alfredo Ferro, responsable del SJPAM; y la l\u00edder ind\u00edgena Anitalia Pijachi, colaboradora de la Red Eclesial Panamaz\u00f3nica (REPAM); quienes nos contar\u00e1n sobre las necesidades m\u00e1s urgentes de la Amazon\u00eda, y el trabajo que viene desarrollando la Iglesia Cat\u00f3lica. Adem\u00e1s, nos acompa\u00f1ar\u00e1 el P. Ernesto Cavassa SJ, rector de la Universidad Antonio Ruiz de Montoya (UARM) y presidente de la Red de Universidades Jesuitas de Am\u00e9rica Latina (AUSJAL).<\/p>\n<p><strong>Lugar: UARM &#8211; Av. Paso de Los Andes 970, Pueblo Libre<\/strong><\/p>\n<p><strong>Fecha: martes 25 de junio<\/strong><\/p>\n<p><strong>Hora: 9:30 a.m. \u2013 12:30 p.m.<\/strong><\/p>\n<p>&nbsp;<\/p>\n<p><em>Foto: Cecilia Portella Morote<\/em><\/p>\n","protected":false},"excerpt":{"rendered":"<p>Este 25 de junio se lanzar\u00e1 la campa\u00f1a D\u00e9jate Abrazar en el auditorio de la Universidad Antonio\u00a0Ruiz de Montoya (Lima,<\/p>\n","protected":false},"author":1,"featured_media":8069,"comment_status":"open","ping_status":"open","sticky":false,"template":"","format":"standard","meta":{"colormag_page_container_layout":"default_layout","colormag_page_sidebar_layout":"default_layout","footnotes":""},"categories":[5],"tags":[215,1368,1360,1363,1364,265,1365,1361,532,465,1078,1367,1366,1362,210,867],"class_list":["post-8068","post","type-post","status-publish","format-standard","has-post-thumbnail","hentry","category-recomendados","tag-amazonia-peruana","tag-cardenal-pedro-barreto-sj","tag-comunidades-indigenas-de-la-amazonia","tag-iglesia-catolica","tag-jesuitas-en-el-peru","tag-la-cueva-de-dominguez","tag-orden-jesuita","tag-p-ernesto-cavassa-sj","tag-periodista-cecilia-portella","tag-prensa-de-turismo","tag-press-tour","tag-red-de-universidades-jesuitas-de-america-latina","tag-red-eclesial-panamazonica","tag-servicio-jesuita-a-la-panamazonia","tag-turismo-sostenible","tag-universidad-antonio-ruiz-de-montoya"],"_links":{"self":[{"href":"https:\/\/lacuevadedominguez.net.pe\/index.php\/wp-json\/wp\/v2\/posts\/8068","targetHints":{"allow":["GET"]}}],"collection":[{"href":"https:\/\/lacuevadedominguez.net.pe\/index.php\/wp-json\/wp\/v2\/posts"}],"about":[{"href":"https:\/\/lacuevadedominguez.net.pe\/index.php\/wp-json\/wp\/v2\/types\/post"}],"author":[{"embeddable":true,"href":"https:\/\/lacuevadedominguez.net.pe\/index.php\/wp-json\/wp\/v2\/users\/1"}],"replies":[{"embeddable":true,"href":"https:\/\/lacuevadedominguez.net.pe\/index.php\/wp-json\/wp\/v2\/comments?post=8068"}],"version-history":[{"count":1,"href":"https:\/\/lacuevadedominguez.net.pe\/index.php\/wp-json\/wp\/v2\/posts\/8068\/revisions"}],"predecessor-version":[{"id":8070,"href":"https:\/\/lacuevadedominguez.net.pe\/index.php\/wp-json\/wp\/v2\/posts\/8068\/revisions\/8070"}],"wp:featuredmedia":[{"embeddable":true,"href":"https:\/\/lacuevadedominguez.net.pe\/index.php\/wp-json\/wp\/v2\/media\/8069"}],"wp:attachment":[{"href":"https:\/\/lacuevadedominguez.net.pe\/index.php\/wp-json\/wp\/v2\/media?parent=8068"}],"wp:term":[{"taxonomy":"category","embeddable":true,"href":"https:\/\/lacuevadedominguez.net.pe\/index.php\/wp-json\/wp\/v2\/categories?post=8068"},{"taxonomy":"post_tag","embeddable":true,"href":"https:\/\/lacuevadedominguez.net.pe\/index.php\/wp-json\/wp\/v2\/tags?post=8068"}],"curies":[{"name":"wp","href":"https:\/\/api.w.org\/{rel}","templated":true}]}}