{"id":8079,"date":"2019-06-05T09:12:52","date_gmt":"2019-06-05T14:12:52","guid":{"rendered":"http:\/\/lacuevadedominguez.net.pe\/?p=8079"},"modified":"2019-06-04T18:08:33","modified_gmt":"2019-06-04T23:08:33","slug":"sitio-arqueologico-rupak-celebra-20-anos-como-patrimonio-cultural-de-la-nacion","status":"publish","type":"post","link":"https:\/\/lacuevadedominguez.net.pe\/index.php\/2019\/06\/05\/sitio-arqueologico-rupak-celebra-20-anos-como-patrimonio-cultural-de-la-nacion\/","title":{"rendered":"Sitio arqueol\u00f3gico Rupak celebra 20 a\u00f1os como Patrimonio Cultural de la Naci\u00f3n"},"content":{"rendered":"<p class=\"m_-4613313559665112450gmail-MsoNoSpacing\">Con una nutrida programaci\u00f3n cultural, el sitio arqueol\u00f3gico Rupak, denominado el <em>\u00abMachu Picchu lime\u00f1o\u00bb,<\/em> celebra 20 a\u00f1os de haberse declarado Patrimonio Cultural de la Naci\u00f3n.<\/p>\n<p class=\"m_-4613313559665112450gmail-MsoNoSpacing\">La agenda de actividades, que permitir\u00e1 la participaci\u00f3n activa de la poblaci\u00f3n, comprende los siguientes eventos: <strong>El jueves 13 de junio a las 11 horas, se \u00a0realizar\u00e1 la presentaci\u00f3n oficial del programa de aniversario<\/strong> y la exposici\u00f3n fotogr\u00e1fica <strong>en el auditorio de Promper\u00fa<\/strong>; a las <strong>3:00 de la tarde, en el auditorio Jos\u00e9 Faustino S\u00e1nchez Carri\u00f3n del Congreso de la Rep\u00fablica, se realizar\u00e1 la conferencia \u201cLos 20 a\u00f1os de Rupak\u201d.<\/strong><\/p>\n<p class=\"m_-4613313559665112450gmail-MsoNoSpacing\">El d\u00eda 18 de junio, en la ciudad de Huaral, a las 10 de la ma\u00f1ana se desarrollar\u00e1 el concurso escolar de elaboraci\u00f3n de maquetas, \u201cRupak milenario\u201d, mientras que el d\u00eda 20 del presente ser\u00e1 el acto de las festividades a realizarse en la Comunidad de San Salvador de Pampas.<\/p>\n<p class=\"m_-4613313559665112450gmail-MsoNoSpacing\">Al respecto, la <strong>presidenta de la Asociaci\u00f3n de Hoteles, Restaurantes y Afines de Huaral (AHORA Huaral), Rosa Elena Balc\u00e1zar <\/strong>inform\u00f3 que los actos celebratorios se iniciar\u00e1n en la plaza principal,<strong> a partir de las 10 de la ma\u00f1ana, con el tradicional pago a la tierra,<\/strong> \u201cla Pachamama\u201d, con la participaci\u00f3n de autoridades del Ministerio de Cultura, Promper\u00fa, Gobierno Regional de Lima, Municipalidad provincial de Huaral y otros.<\/p>\n<p class=\"m_-4613313559665112450gmail-MsoNoSpacing\">\u201cEse d\u00eda, se inaugurar\u00e1 el <strong>centro de interpretaci\u00f3n tur\u00edstica<\/strong> y se realizar\u00e1 la presentaci\u00f3n de danzas t\u00edpicas de la zona\u201d, a\u00f1adi\u00f3.<\/p>\n<p class=\"m_-4613313559665112450gmail-MsoNoSpacing\">Finalmente, <strong>el d\u00eda 21 de junio, los actos festivos culminar\u00e1n con una visita al sitio arqueol\u00f3gico de Rupak, la misma que comprende un trekking de aproximadamente 3 horas hacia la zona arqueol\u00f3gica.<\/strong><\/p>\n<p class=\"m_-4613313559665112450gmail-MsoNoSpacing\">Cabe indicar que todas las actividades tendr\u00e1n <strong>acceso libre para el p\u00fablico.<\/strong><\/p>\n<p class=\"m_-4613313559665112450gmail-MsoNoSpacing\"><b>Patrimonio Cultural de la Naci\u00f3n\u00a0<\/b><\/p>\n<p class=\"m_-4613313559665112450gmail-MsoNoSpacing\">Luego de un largo proceso de gestiones, por parte de la titular de <strong>AHORA Huaral<\/strong>, se logr\u00f3 que el entonces Instituto Nacional de Cultural, emitiera el <strong>25 de junio del a\u00f1o 1999, la Resoluci\u00f3n Directoral Nacional N\u00ba 283\/ INC. reconociendo a Rupak como Patrimonio del Estado Peruano.<\/strong><\/p>\n<p class=\"m_-4613313559665112450gmail-MsoNoSpacing\">Del mismo modo, la tambi\u00e9n denominada, \u201cciudad de fuego\u201d, cuenta con otro reconocimiento del estado, esta vez se trata del Congreso de la Rep\u00fablica, quien lo ha declarado de inter\u00e9s nacional prioritario en el a\u00f1o 2017.<\/p>\n<p class=\"m_-4613313559665112450gmail-MsoNoSpacing\">Actualmente, Rupak, por su estado de conservaci\u00f3n y belleza arquitect\u00f3nica que <strong>data de m\u00e1s de 800 a\u00f1os de antig\u00fcedad,<\/strong> es considerado uno de los principales destinos tur\u00edsticos en las rutas cortas cerca de Lima de Promper\u00fa.<\/p>\n<p class=\"m_-4613313559665112450gmail-MsoNoSpacing\"><strong>Rupak est\u00e1 ubicado en lo alto de una gran monta\u00f1a en el distrito de Atavillos Bajo,<\/strong> en la provincia de Huaral, a <strong>3580 metros sobre el nivel del mar.<\/strong><\/p>\n<p>&nbsp;<\/p>\n<p>&nbsp;<\/p>\n<p>&nbsp;<\/p>\n","protected":false},"excerpt":{"rendered":"<p>Con una nutrida programaci\u00f3n cultural, el sitio arqueol\u00f3gico Rupak, denominado el \u00abMachu Picchu lime\u00f1o\u00bb, celebra 20 a\u00f1os de haberse declarado<\/p>\n","protected":false},"author":1,"featured_media":8080,"comment_status":"open","ping_status":"open","sticky":false,"template":"","format":"standard","meta":{"colormag_page_container_layout":"default_layout","colormag_page_sidebar_layout":"default_layout","footnotes":""},"categories":[13],"tags":[1381,473,1379,349,1074,95,1380,532,465,1078,82,522,1382,482,157,525],"class_list":["post-8079","post","type-post","status-publish","format-standard","has-post-thumbnail","hentry","category-destinos","tag-machupicchu-limeno","tag-ahora-huaral","tag-arq-rosa-elena-balcazar","tag-congreso-de-la-republica","tag-ecoturismo","tag-huaral","tag-patrimonio-cultural-de-la-nacion","tag-periodista-cecilia-portella","tag-prensa-de-turismo","tag-press-tour","tag-promperu","tag-santuario-de-rupac","tag-trekking","tag-turismo-cultural","tag-turismo-de-aventura","tag-turismo-lima"],"_links":{"self":[{"href":"https:\/\/lacuevadedominguez.net.pe\/index.php\/wp-json\/wp\/v2\/posts\/8079","targetHints":{"allow":["GET"]}}],"collection":[{"href":"https:\/\/lacuevadedominguez.net.pe\/index.php\/wp-json\/wp\/v2\/posts"}],"about":[{"href":"https:\/\/lacuevadedominguez.net.pe\/index.php\/wp-json\/wp\/v2\/types\/post"}],"author":[{"embeddable":true,"href":"https:\/\/lacuevadedominguez.net.pe\/index.php\/wp-json\/wp\/v2\/users\/1"}],"replies":[{"embeddable":true,"href":"https:\/\/lacuevadedominguez.net.pe\/index.php\/wp-json\/wp\/v2\/comments?post=8079"}],"version-history":[{"count":1,"href":"https:\/\/lacuevadedominguez.net.pe\/index.php\/wp-json\/wp\/v2\/posts\/8079\/revisions"}],"predecessor-version":[{"id":8081,"href":"https:\/\/lacuevadedominguez.net.pe\/index.php\/wp-json\/wp\/v2\/posts\/8079\/revisions\/8081"}],"wp:featuredmedia":[{"embeddable":true,"href":"https:\/\/lacuevadedominguez.net.pe\/index.php\/wp-json\/wp\/v2\/media\/8080"}],"wp:attachment":[{"href":"https:\/\/lacuevadedominguez.net.pe\/index.php\/wp-json\/wp\/v2\/media?parent=8079"}],"wp:term":[{"taxonomy":"category","embeddable":true,"href":"https:\/\/lacuevadedominguez.net.pe\/index.php\/wp-json\/wp\/v2\/categories?post=8079"},{"taxonomy":"post_tag","embeddable":true,"href":"https:\/\/lacuevadedominguez.net.pe\/index.php\/wp-json\/wp\/v2\/tags?post=8079"}],"curies":[{"name":"wp","href":"https:\/\/api.w.org\/{rel}","templated":true}]}}