{"id":8184,"date":"2019-07-08T10:40:54","date_gmt":"2019-07-08T15:40:54","guid":{"rendered":"http:\/\/lacuevadedominguez.net.pe\/?p=8184"},"modified":"2019-07-08T10:20:47","modified_gmt":"2019-07-08T15:20:47","slug":"culturaymi-46-artistas-peruanos-reunidos-en-un-solo-lugar","status":"publish","type":"post","link":"https:\/\/lacuevadedominguez.net.pe\/index.php\/2019\/07\/08\/culturaymi-46-artistas-peruanos-reunidos-en-un-solo-lugar\/","title":{"rendered":"Culturaymi: 46 artistas peruanos reunidos en un solo lugar"},"content":{"rendered":"\n<p>Lima 2019 present\u00f3\u00a0a los ganadores de las cinco categor\u00edas del <strong>Concurso de Proyectos Culturales del\u00a0<\/strong><em><strong>Culturaymi<\/strong><\/em>, programa cultural que \u2013paralelamente al desarrollo de las competencias deportivas\u2013 expondr\u00e1 ante la comunidad nacional e internacional las diversas expresiones y miradas art\u00edsticas que conviven en nuestro pa\u00eds; haci\u00e9ndolas dialogar con los valores de los Juegos.\u00a0<\/p>\n\n\n\n<p>En el evento, participaron el Director de Comunicaciones, Comercializaci\u00f3n y Mercadotecnia de Lima 2019, Juan Antonio Silva; y la <strong>Ministra de Cultura, Ulla Holmquist.<\/strong><\/p>\n\n\n\n<p>Dirigi\u00e9ndose a los 46 artistas seleccionados, Silva destac\u00f3 la importancia de los Juegos&nbsp;como&nbsp;una plataforma donde se expondr\u00e1 nuestra cultura ante los ojos del mundo.<\/p>\n\n\n\n<p>\u201cSu participaci\u00f3n nos va a permitir para mostrar la cultura peruana. S<strong>e estima que 400 millones de personas van a ver los Juegos;<\/strong> tanto las competencias como las ceremonias y el Programa Cultural, que nos visibilizar\u00e1n de una manera distinta. <strong>El Per\u00fa es m\u00e1s que historia, es cultura, riqueza natural<\/strong>. Aprovechemos esta ocasi\u00f3n para mostrarle al mundo nuestro arte\u201d, declar\u00f3.<\/p>\n\n\n\n<p>Por su parte, la Ministra de Cultura&nbsp;asegur\u00f3 que Lima 2019&nbsp;ser\u00e1&nbsp;una gran oportunidad para celebrarnos como pa\u00eds y, a trav\u00e9s del arte, mostrarnos como una sociedad&nbsp;diversa y resiliente.<\/p>\n\n\n\n<p>La cantidad de artistas seleccionados en las cinco categor\u00edas consideradas en la convocatoria \u2013a la que llegaron a registrarse&nbsp;m\u00e1s de 400 personas, a trav\u00e9s de&nbsp;la web de Lima 2019\u2013, fueron:&nbsp;Talleres de arte para la transformaci\u00f3n social (8); Dise\u00f1o de indumentaria (5); Exposiciones de artes visuales (2); Espect\u00e1culos de artes esc\u00e9nicas (18); Espect\u00e1culos de m\u00fasica (13).<\/p>\n\n\n\n<p>Entre los seleccionados, se encuentra la hija de la compositora y cantante Chabuca Granda, <strong>Teresa Fuller Granda<\/strong>; quien junto al cantante argentino, Ezequiel Rocha, presentar\u00e1 el espect\u00e1culo discogr\u00e1fico documental \u201cCon alma de Chabuca Granda\u201d.<\/p>\n\n\n\n<p>Asimismo, los miembros del <strong>colectivo cultural La Casa de Tespis<\/strong>,\u00a0Gonzalo Francisco Talavera Silva Santisteban y\u00a0Andrea Fern\u00e1ndez,\u00a0cuyo\u00a0proyecto\u00a0teatral \u201cEl monstruo de los mares\u201d busca concientizar sobre el cuidado en el medio ambiente, mostraron su entusiasmo.\u00a0<\/p>\n\n\n\n<p><strong>PROCESO DE SELECCI\u00d3N<\/strong><\/p>\n\n\n\n<p>Durante la fase de selecci\u00f3n se convoc\u00f3 a tres expertos \u2013por categor\u00eda\u2013 para asumir el rol de Jurado, tomando en consideraci\u00f3n los criterios de  innovaci\u00f3n, calidad art\u00edstica, coherencia est\u00e9tica, v\u00ednculo con las problem\u00e1ticas de poblaciones vulnerables, entre otros. <\/p>\n\n\n\n<p><strong>SOBRE EL PROGRAMA CULTURAL<\/strong><\/p>\n\n\n\n<p><strong>Durante 38 d\u00edas, Lima vivir\u00e1\u00a0<\/strong><em><strong>la fiesta de la cultura y el deporte<\/strong><\/em><strong>. Culturaymi, el Programa Cultural de los Juegos Lima 2019<\/strong>, ha sido creado para difundir y celebrar la riqueza creativa y cultural de nuestro pa\u00eds.<\/p>\n\n\n\n<p>El Programa Cultural tendr\u00e1 una Sede y un Circuito Cultural. La Sede Cultural ser\u00e1 un espacio que albergar\u00e1 diversas ofertas culturales como talleres, exposiciones, conciertos, espect\u00e1culos, artesan\u00edas, gastronom\u00eda y mucho m\u00e1s. La sede elegida es el <strong>Parque de la Exposici\u00f3n del 27 de julio al 10 de agosto, y del 24 al 31 de agosto. Ser\u00e1 de acceso gratuito.<\/strong><\/p>\n\n\n\n<p>Por otro lado, <strong>el Circuito Cultural propone un\u00a0recorrido destacado por m\u00e1s de 10 distritos<\/strong>\u00a0que concentran la mayor oferta de actividades culturales, exposiciones y espect\u00e1culos, para conformar una agenda diversa y atractiva.<\/p>\n\n\n\n<p>Adicionalmente, ha sido una oportunidad para que artistas obtengan financiamiento a sus proyectos y los expongan ante al menos un mill\u00f3n de personas en la Sede Cultural. De esta manera se asegura transparencia e igualdad de oportunidades para la comunidad art\u00edstica de nuestro pa\u00eds.<\/p>\n\n\n\n<p><strong>ACERCA DE LIMA 2019<\/strong><\/p>\n\n\n\n<p><strong>Los Juegos Panamericanos Lima 2019 se inaugurar\u00e1n el 26 de julio de 2019 <\/strong>en una ceremonia que se desarrollar\u00e1 en el Estadio Nacional. El certamen continental congregar\u00e1 a <strong>6,680 deportistas de 41 pa\u00edses y delegaciones de toda Am\u00e9rica.<\/strong><\/p>\n\n\n\n<p>Ser\u00e1n en total 17 d\u00edas de competencias y ceremonias, entre el 26 de julio y el 11 de agosto, que se desarrollar\u00e1n en 14 distritos de Lima y Callao en distintas sedes como la VIDENA, Complejo Deportivo Villa Mar\u00eda del Triunfo, Villa Deportiva Regional del Callao, Polideportivo Villa El Salvador, Punta Rocas, entre otras.<\/p>\n\n\n\n<p>En los Juegos Panamericanos se celebrar\u00e1n un total de 39 deportes, que incluyen un n\u00famero de 61 disciplinas, en las que se competir\u00e1n por las medallas de oro, plata y bronce. Un total de 22 disciplinas son clasificatorias para los Juegos Ol\u00edmpicos de Tokio 2020.<\/p>\n\n\n\n<p>Los Juegos Parapanamericanos, albergar\u00e1n a 1,890 Para atletas de 33 pa\u00edses, que participar\u00e1n en 17 deportes y 18 disciplinas. Las competencias se realizar\u00e1n entre el 23 de agosto y el 1 de setiembre de 2019. 13 deportes entregar\u00e1n cupos a los Juegos Paral\u00edmpicos Tokio 2020.<\/p>\n","protected":false},"excerpt":{"rendered":"<p>Lima 2019 present\u00f3\u00a0a los ganadores de las cinco categor\u00edas del Concurso de Proyectos Culturales del\u00a0Culturaymi, programa cultural que \u2013paralelamente al<\/p>\n","protected":false},"author":1,"featured_media":8185,"comment_status":"open","ping_status":"open","sticky":false,"template":"","format":"standard","meta":{"colormag_page_container_layout":"default_layout","colormag_page_sidebar_layout":"default_layout","footnotes":""},"categories":[5],"tags":[1458,105,1455,1457,532,1456,1459,482],"class_list":["post-8184","post","type-post","status-publish","format-standard","has-post-thumbnail","hentry","category-recomendados","tag-juegos-panamericanos-lima-2019","tag-ministerio-de-cultura","tag-ministra-ulla-holmquist","tag-parque-de-la-exposicion","tag-periodista-cecilia-portella","tag-programa-culturaymi","tag-teresa-fuller-granda","tag-turismo-cultural"],"_links":{"self":[{"href":"https:\/\/lacuevadedominguez.net.pe\/index.php\/wp-json\/wp\/v2\/posts\/8184","targetHints":{"allow":["GET"]}}],"collection":[{"href":"https:\/\/lacuevadedominguez.net.pe\/index.php\/wp-json\/wp\/v2\/posts"}],"about":[{"href":"https:\/\/lacuevadedominguez.net.pe\/index.php\/wp-json\/wp\/v2\/types\/post"}],"author":[{"embeddable":true,"href":"https:\/\/lacuevadedominguez.net.pe\/index.php\/wp-json\/wp\/v2\/users\/1"}],"replies":[{"embeddable":true,"href":"https:\/\/lacuevadedominguez.net.pe\/index.php\/wp-json\/wp\/v2\/comments?post=8184"}],"version-history":[{"count":1,"href":"https:\/\/lacuevadedominguez.net.pe\/index.php\/wp-json\/wp\/v2\/posts\/8184\/revisions"}],"predecessor-version":[{"id":8186,"href":"https:\/\/lacuevadedominguez.net.pe\/index.php\/wp-json\/wp\/v2\/posts\/8184\/revisions\/8186"}],"wp:featuredmedia":[{"embeddable":true,"href":"https:\/\/lacuevadedominguez.net.pe\/index.php\/wp-json\/wp\/v2\/media\/8185"}],"wp:attachment":[{"href":"https:\/\/lacuevadedominguez.net.pe\/index.php\/wp-json\/wp\/v2\/media?parent=8184"}],"wp:term":[{"taxonomy":"category","embeddable":true,"href":"https:\/\/lacuevadedominguez.net.pe\/index.php\/wp-json\/wp\/v2\/categories?post=8184"},{"taxonomy":"post_tag","embeddable":true,"href":"https:\/\/lacuevadedominguez.net.pe\/index.php\/wp-json\/wp\/v2\/tags?post=8184"}],"curies":[{"name":"wp","href":"https:\/\/api.w.org\/{rel}","templated":true}]}}