{"id":8244,"date":"2019-07-22T10:09:52","date_gmt":"2019-07-22T15:09:52","guid":{"rendered":"http:\/\/lacuevadedominguez.net.pe\/?p=8244"},"modified":"2019-07-22T09:27:25","modified_gmt":"2019-07-22T14:27:25","slug":"pacha-gastronomia-peruana-en-el-marco-de-los-juegos-panamericanos-lima-2019","status":"publish","type":"post","link":"https:\/\/lacuevadedominguez.net.pe\/index.php\/2019\/07\/22\/pacha-gastronomia-peruana-en-el-marco-de-los-juegos-panamericanos-lima-2019\/","title":{"rendered":"\u00abPacha\u00bb, gastronom\u00eda peruana en el marco de los Juegos Panamericanos Lima 2019"},"content":{"rendered":"\n<p>La Municipalidad de Lima participar\u00e1 en la feria cultural Pacha, que rinde homenaje a la gastronom\u00eda peruana y difunde sus diversas manifestaciones, as\u00ed como los insumos producidos en el Per\u00fa, con los cu\u00e1les se preparan los diversos platillos nacionales reconocidos a nivel mundial.&nbsp;<\/p>\n\n\n\n<p>Este evento se realiza en el marco de los Juegos Lima 2019 as\u00ed como del programa \u201cCulturaymi\u201d. En representaci\u00f3n de la <strong>Municipalidad de Lima<\/strong>, estar\u00e1n los representantes de la <strong>Asociaci\u00f3n Saz\u00f3n &amp; Sabor<\/strong> a trav\u00e9s de la presentaci\u00f3n de una variedad de potajes como el famoso caldo de gallina, el infaltable menestr\u00f3n y deliciosos postres t\u00edpicos de nuestra ciudad.<\/p>\n\n\n\n<p>Asimismo, en la actividad tambi\u00e9n estar\u00e1n participando 18 productores agropecuarios de los <strong>valles de Lur\u00edn, Chill\u00f3n y R\u00edmac.<\/strong><\/p>\n\n\n\n<p>Cabe resaltar que la Municipalidad de Lima sigue gestionando diferentes actividades culturales y tur\u00edsticas con el compromiso de difundir nuestra historia e identidad.<\/p>\n\n\n\n<p>La cita ser\u00e1 este <strong>27 y 28 de julio de 11:00 a.m. a 10:00 p.m. en los Domos Art ubicados en el distrito de San Miguel<\/strong>. Para adquirir tus entradas e informaci\u00f3n pueden ingresar al siguiente link:\u00a0<a href=\"https:\/\/bit.ly\/2XSu4Ew\" target=\"_blank\" rel=\"noopener\">https:\/\/bit.ly\/2XSu4Ew<\/a><\/p>\n","protected":false},"excerpt":{"rendered":"<p>La Municipalidad de Lima participar\u00e1 en la feria cultural Pacha, que rinde homenaje a la gastronom\u00eda peruana y difunde sus<\/p>\n","protected":false},"author":1,"featured_media":8245,"comment_status":"open","ping_status":"open","sticky":false,"template":"","format":"standard","meta":{"colormag_page_container_layout":"default_layout","colormag_page_sidebar_layout":"default_layout","footnotes":""},"categories":[3],"tags":[1506,1505,1503,1463,236,1458,1504,464],"class_list":["post-8244","post","type-post","status-publish","format-standard","has-post-thumbnail","hentry","category-lifestyle","tag-asociacion-sazon-sabor","tag-domos-art","tag-feria-cultural-pacha","tag-fiestas-patrias","tag-gastronomia-peruana","tag-juegos-panamericanos-lima-2019","tag-municipalidad-de-lima","tag-prensa-gastronomica"],"_links":{"self":[{"href":"https:\/\/lacuevadedominguez.net.pe\/index.php\/wp-json\/wp\/v2\/posts\/8244","targetHints":{"allow":["GET"]}}],"collection":[{"href":"https:\/\/lacuevadedominguez.net.pe\/index.php\/wp-json\/wp\/v2\/posts"}],"about":[{"href":"https:\/\/lacuevadedominguez.net.pe\/index.php\/wp-json\/wp\/v2\/types\/post"}],"author":[{"embeddable":true,"href":"https:\/\/lacuevadedominguez.net.pe\/index.php\/wp-json\/wp\/v2\/users\/1"}],"replies":[{"embeddable":true,"href":"https:\/\/lacuevadedominguez.net.pe\/index.php\/wp-json\/wp\/v2\/comments?post=8244"}],"version-history":[{"count":1,"href":"https:\/\/lacuevadedominguez.net.pe\/index.php\/wp-json\/wp\/v2\/posts\/8244\/revisions"}],"predecessor-version":[{"id":8246,"href":"https:\/\/lacuevadedominguez.net.pe\/index.php\/wp-json\/wp\/v2\/posts\/8244\/revisions\/8246"}],"wp:featuredmedia":[{"embeddable":true,"href":"https:\/\/lacuevadedominguez.net.pe\/index.php\/wp-json\/wp\/v2\/media\/8245"}],"wp:attachment":[{"href":"https:\/\/lacuevadedominguez.net.pe\/index.php\/wp-json\/wp\/v2\/media?parent=8244"}],"wp:term":[{"taxonomy":"category","embeddable":true,"href":"https:\/\/lacuevadedominguez.net.pe\/index.php\/wp-json\/wp\/v2\/categories?post=8244"},{"taxonomy":"post_tag","embeddable":true,"href":"https:\/\/lacuevadedominguez.net.pe\/index.php\/wp-json\/wp\/v2\/tags?post=8244"}],"curies":[{"name":"wp","href":"https:\/\/api.w.org\/{rel}","templated":true}]}}