{"id":8387,"date":"2019-09-10T11:39:01","date_gmt":"2019-09-10T16:39:01","guid":{"rendered":"http:\/\/lacuevadedominguez.net.pe\/?p=8387"},"modified":"2019-09-10T11:00:20","modified_gmt":"2019-09-10T16:00:20","slug":"academia-leonesa-de-gastronomia-reelige-junta-directiva-hasta-el-2023","status":"publish","type":"post","link":"https:\/\/lacuevadedominguez.net.pe\/index.php\/2019\/09\/10\/academia-leonesa-de-gastronomia-reelige-junta-directiva-hasta-el-2023\/","title":{"rendered":"Academia Leonesa de Gastronom\u00eda reelige Junta Directiva hasta el 2023"},"content":{"rendered":"\n<p>14 a\u00f1os al frente de la Academia no han sido suficientes para <strong>Jos\u00e9 Ram\u00f3n Villa Carnero;<\/strong> este \u201cartista\u201d de la pl\u00e1stica y de la gastronom\u00eda. Un mandato m\u00e1s para el que ha sido proclamado en la <strong>Asamblea que la Academia Leonesa de Gastronom\u00eda<\/strong> ha celebrado en la ma\u00f1ana del jueves 5 de septiembre.<\/p>\n\n\n\n<p>Asamblea que tambi\u00e9n ha servido para la revisi\u00f3n de las actividades gastroalimentarias que han sucedido durante el <strong>pasado a\u00f1o de la Capitalidad Gastron\u00f3mica y todos los proyectos<\/strong> que a partir de esta fecha ser\u00e1n el reto de todos los sectores. El presidente tiene como <strong>objetivo primordial el afianzamiento de la provincia con la inclusi\u00f3n de nuevos miembros de todo el territorio gastron\u00f3mico leon\u00e9s.<\/strong><\/p>\n\n\n\n<p>El reci\u00e9n reelegido presidente ha nombrado a su Junta compuesta por un <strong>Secretario General, Jos\u00e9 P. Ca\u00f1edo<\/strong>; dos Vicepresidentes: Urbano Gonz\u00e1lez y Miguel Antonio Alvarez; un Tesorero: Alfredo Gonz\u00e1lez y por los Vocales: Bienvenido Viz\u00e1n, Jos\u00e9 Antonio Celada, Yawar Nazir y <strong>Fernando Paramio.<\/strong><\/p>\n\n\n\n<p>Hasta finalizar el presente a\u00f1o, queda, entre otras y como actividad principal, la <strong>Entrega de Premios de la Academia 2019 que celebra su octava edici\u00f3n<\/strong> y que siguiendo con el proyecto de m\u00e1s integraci\u00f3n de la provincia, se realizar\u00e1 en esta ocasi\u00f3n en Ponferrada. Premios de reconocido prestigio en los que se ponen en valor al Restaurante del a\u00f1o, el Productor, el Personaje y la Entidad. Hasta el momento, no se han desvelado ning\u00fan nombre de los posibles candidatos.<\/p>\n","protected":false},"excerpt":{"rendered":"<p>14 a\u00f1os al frente de la Academia no han sido suficientes para Jos\u00e9 Ram\u00f3n Villa Carnero; este \u201cartista\u201d de la<\/p>\n","protected":false},"author":1,"featured_media":8388,"comment_status":"open","ping_status":"open","sticky":false,"template":"","format":"standard","meta":{"colormag_page_container_layout":"default_layout","colormag_page_sidebar_layout":"default_layout","footnotes":""},"categories":[5],"tags":[529,531,1597,1598,1596,532,942],"class_list":["post-8387","post","type-post","status-publish","format-standard","has-post-thumbnail","hentry","category-recomendados","tag-academia-leonesa-de-gastronomia","tag-federacion-espanola-de-periodistas-y-escritores-de-turismo","tag-fernando-paramio","tag-gastronomia-leonesa","tag-jose-canedo","tag-periodista-cecilia-portella","tag-ramon-villa"],"_links":{"self":[{"href":"https:\/\/lacuevadedominguez.net.pe\/index.php\/wp-json\/wp\/v2\/posts\/8387","targetHints":{"allow":["GET"]}}],"collection":[{"href":"https:\/\/lacuevadedominguez.net.pe\/index.php\/wp-json\/wp\/v2\/posts"}],"about":[{"href":"https:\/\/lacuevadedominguez.net.pe\/index.php\/wp-json\/wp\/v2\/types\/post"}],"author":[{"embeddable":true,"href":"https:\/\/lacuevadedominguez.net.pe\/index.php\/wp-json\/wp\/v2\/users\/1"}],"replies":[{"embeddable":true,"href":"https:\/\/lacuevadedominguez.net.pe\/index.php\/wp-json\/wp\/v2\/comments?post=8387"}],"version-history":[{"count":1,"href":"https:\/\/lacuevadedominguez.net.pe\/index.php\/wp-json\/wp\/v2\/posts\/8387\/revisions"}],"predecessor-version":[{"id":8389,"href":"https:\/\/lacuevadedominguez.net.pe\/index.php\/wp-json\/wp\/v2\/posts\/8387\/revisions\/8389"}],"wp:featuredmedia":[{"embeddable":true,"href":"https:\/\/lacuevadedominguez.net.pe\/index.php\/wp-json\/wp\/v2\/media\/8388"}],"wp:attachment":[{"href":"https:\/\/lacuevadedominguez.net.pe\/index.php\/wp-json\/wp\/v2\/media?parent=8387"}],"wp:term":[{"taxonomy":"category","embeddable":true,"href":"https:\/\/lacuevadedominguez.net.pe\/index.php\/wp-json\/wp\/v2\/categories?post=8387"},{"taxonomy":"post_tag","embeddable":true,"href":"https:\/\/lacuevadedominguez.net.pe\/index.php\/wp-json\/wp\/v2\/tags?post=8387"}],"curies":[{"name":"wp","href":"https:\/\/api.w.org\/{rel}","templated":true}]}}