{"id":8398,"date":"2019-09-12T11:08:16","date_gmt":"2019-09-12T16:08:16","guid":{"rendered":"http:\/\/lacuevadedominguez.net.pe\/?p=8398"},"modified":"2020-05-05T11:27:17","modified_gmt":"2020-05-05T16:27:17","slug":"paracas-sera-escenario-del-gabinete-peru-chile-en-octubre-proximo","status":"publish","type":"post","link":"https:\/\/lacuevadedominguez.net.pe\/index.php\/2019\/09\/12\/paracas-sera-escenario-del-gabinete-peru-chile-en-octubre-proximo\/","title":{"rendered":"Paracas ser\u00e1 escenario del Gabinete Per\u00fa &#8211; Chile, en octubre pr\u00f3ximo"},"content":{"rendered":"\n<p>El distrito de Paracas (Ica) ser\u00e1 escenario del <strong>Consejo de Ministros Binacional entre los pa\u00edses \u00a0de Per\u00fa y Chile a desarrollarse del 10 y 11 de octubre<\/strong> pr\u00f3ximo, anunci\u00f3 el <strong>Embajador de Chile en nuestro pa\u00eds, Roberto Ibarra Garc\u00eda.<\/strong><\/p>\n\n\n\n<p>El diplom\u00e1tico chileno inform\u00f3 que el pasado mes de agosto de conform\u00f3 una comisi\u00f3n entre ambos pa\u00edses a fin de aunar esfuerzo en el desarrollo econ\u00f3mico en los sectores pesca, medio ambiente, turismo y minera.<\/p>\n\n\n\n<p>\u201cTrabajando juntos entre chilenos y peruanos, podemos afrontar los siguientes desaf\u00edos y tenemos que aprovechar la condici\u00f3n privilegiada que tenemos en lo referente a nuestros recursos naturales\u201d, sostuvo.<\/p>\n\n\n\n<p>Igualmente, indic\u00f3 que <strong>la comisi\u00f3n ver\u00e1 todo lo concerniente a los pr\u00f3ximos actos celebratorios (200 a\u00f1os) de la llegada de la expedici\u00f3n independentista <\/strong>encabezada por el General\u00edsimo Jos\u00e9 de San Mart\u00edn a la <strong>Bah\u00eda de Paracas. \u00a0<\/strong><\/p>\n\n\n\n<p>El Consejo de Ministros Binacional estar\u00e1 encabezados por los Presidentes de Per\u00fa y Chile, Mart\u00edn Vizcarra y&nbsp; Sebasti\u00e1n Pi\u00f1era, respectivamente.<\/p>\n\n\n\n<p>Ibarra Garc\u00eda manifest\u00f3 que espera que para el pr\u00f3ximo a\u00f1o concurran a Paracas los mandatarios de Per\u00fa, Chile y Argentina a la hist\u00f3rica conmemoraci\u00f3n.<\/p>\n\n\n\n<p>El embajador sure\u00f1o particip\u00f3 recientemente en la ceremonia (199 a\u00f1os) de la llegada del General\u00edsimo Jos\u00e9 de San Mart\u00edn a la Bah\u00eda de Paracas.<\/p>\n\n\n\n<p>A dicho acto que fue encabezado por la <strong>alcaldesa de Paracas, Rosario Ram\u00edrez; el titular de la C\u00e1mara de Turismo y Comercio Exterior de Paracas (CAPATUR), Eduardo J\u00e1uregui;<\/strong> y un representante militar de la Embajada de Argentina en nuestro pa\u00eds, as\u00ed como personalidades empresariales, municipales y escolares.<\/p>\n\n\n\n<p>Tras la colocaci\u00f3n de ofrendas florales al monumento a San Mart\u00edn, se desarroll\u00f3 la escenificaci\u00f3n de la llegada de San Mart\u00edn a la Bah\u00eda de Paracas, hecho que fue destacado y aplaudido por los presentes.<\/p>\n\n\n\n<p>Finalmente, se desarroll\u00f3 un desfile c\u00edvico \u2013 militar en las principales arterias del distrito de Paracas.<\/p>\n","protected":false},"excerpt":{"rendered":"<p>El distrito de Paracas (Ica) ser\u00e1 escenario del Consejo de Ministros Binacional entre los pa\u00edses \u00a0de Per\u00fa y Chile a<\/p>\n","protected":false},"author":1,"featured_media":8399,"comment_status":"open","ping_status":"open","sticky":false,"template":"","format":"standard","meta":{"colormag_page_container_layout":"default_layout","colormag_page_sidebar_layout":"default_layout","footnotes":""},"categories":[11],"tags":[1610,628,1537,78,1613,1612,1611],"class_list":["post-8398","post","type-post","status-publish","format-standard","has-post-thumbnail","hentry","category-turismo","tag-bahia-de-paracas","tag-capatur","tag-eduardo-jauregui","tag-paracas","tag-roberto-ibarra-embajador-de-chile","tag-rosario-ramirez-alcaldesa-de-paracas","tag-turismo-paracas"],"_links":{"self":[{"href":"https:\/\/lacuevadedominguez.net.pe\/index.php\/wp-json\/wp\/v2\/posts\/8398","targetHints":{"allow":["GET"]}}],"collection":[{"href":"https:\/\/lacuevadedominguez.net.pe\/index.php\/wp-json\/wp\/v2\/posts"}],"about":[{"href":"https:\/\/lacuevadedominguez.net.pe\/index.php\/wp-json\/wp\/v2\/types\/post"}],"author":[{"embeddable":true,"href":"https:\/\/lacuevadedominguez.net.pe\/index.php\/wp-json\/wp\/v2\/users\/1"}],"replies":[{"embeddable":true,"href":"https:\/\/lacuevadedominguez.net.pe\/index.php\/wp-json\/wp\/v2\/comments?post=8398"}],"version-history":[{"count":1,"href":"https:\/\/lacuevadedominguez.net.pe\/index.php\/wp-json\/wp\/v2\/posts\/8398\/revisions"}],"predecessor-version":[{"id":8400,"href":"https:\/\/lacuevadedominguez.net.pe\/index.php\/wp-json\/wp\/v2\/posts\/8398\/revisions\/8400"}],"wp:featuredmedia":[{"embeddable":true,"href":"https:\/\/lacuevadedominguez.net.pe\/index.php\/wp-json\/wp\/v2\/media\/8399"}],"wp:attachment":[{"href":"https:\/\/lacuevadedominguez.net.pe\/index.php\/wp-json\/wp\/v2\/media?parent=8398"}],"wp:term":[{"taxonomy":"category","embeddable":true,"href":"https:\/\/lacuevadedominguez.net.pe\/index.php\/wp-json\/wp\/v2\/categories?post=8398"},{"taxonomy":"post_tag","embeddable":true,"href":"https:\/\/lacuevadedominguez.net.pe\/index.php\/wp-json\/wp\/v2\/tags?post=8398"}],"curies":[{"name":"wp","href":"https:\/\/api.w.org\/{rel}","templated":true}]}}