{"id":8440,"date":"2019-10-03T09:41:53","date_gmt":"2019-10-03T14:41:53","guid":{"rendered":"http:\/\/lacuevadedominguez.net.pe\/?p=8440"},"modified":"2019-10-03T09:41:59","modified_gmt":"2019-10-03T14:41:59","slug":"todo-listo-para-el-3er-encuentro-grandes-viajeros-peru","status":"publish","type":"post","link":"https:\/\/lacuevadedominguez.net.pe\/index.php\/2019\/10\/03\/todo-listo-para-el-3er-encuentro-grandes-viajeros-peru\/","title":{"rendered":"Todo listo para el 3er Encuentro \u00abGrandes Viajeros Per\u00fa\u00bb"},"content":{"rendered":"\n<p>El E.G.V. en Per\u00fa nace con una base s\u00f3lida, ya que este mismo evento se celebra en Espa\u00f1a desde hace 15 a\u00f1os y recibe a muchos viajeros. Nuestro pa\u00eds no pod\u00eda estar al margen de esta movida, que incluye turismo al cien por ciento. Las aventuras, la cultura, las rutas gastron\u00f3micas y todas las actividades relacionadas con los viajes, tienen un espacio en este gran encuentro.<\/p>\n\n\n\n<p>IMPORTANTE: Las inscripciones solo son mediante el siguiente formulario de inscripciones: <a target=\"_blank\" href=\"http:\/\/encuentrograndesviajeros.com\/inscripcion-egvperu\/?fbclid=IwAR3GrnZY7ItGKkPeDaQiJgMHprvixDsbFKbAkLnzf4Ac-loYkYrdJOQ4oOw\" rel=\"noreferrer noopener\">http:\/\/encuentrograndesviajeros.com\/inscripcion-egvperu\/<\/a><\/p>\n\n\n\n<p>Si tienes alguna consulta adicional, puedes escribir a: peru@encuentrograndesviajeros.com <\/p>\n\n\n\n<p><strong>PROGRAMA OFICIAL<\/strong><br>S\u00e1bado 12 octubre<br>08:45 &#8211; 09:15 am    Registro de Participantes<br>09:20 &#8211; 09:40 am    Palabras De Bienvenida <br>09:45 &#8211; 10:25 am    Brenda Oviedo &#8211; \u201cVamos Mochilea\u201d  <br>                                Tema: \u201cViajar para Aprender a vivir Feliz\u201d<br>10:30 &#8211; 11:10 am    Carlos Conan Mu\u00f1iz &#8211; \u201cConandes Expedition\u201d<br>                               Tema: \u201cLa Aventura detr\u00e1s de la Aventura\u201d <br>11:15 &#8211; 11:30 am    Break  <br>11:35 &#8211; 12:15 am    Eduardo Alonzo &#8211; \u201cDescubre El Per\u00fa\u201d<br>                               Tema: \u201cDescubre el Per\u00fa\u201d<br>12:20 &#8211; 13:00 pm    Sergio Galliani &#8211; \u201cViajando Ando\u201d <br>                               Tema: \u201cTodas las formas de viajar\u201d<br>13:00 &#8211; 14:30 pm    Receso <br>14:45 &#8211; 14:55 pm    Retorno y Sorteo \u2013 Premio Sorpresa<br>15:00 &#8211; 15:40 pm    Nelyda Taype y Sheyla Mendez &#8211; \u201cTraveleras\u201d <br>                               Tema: \u201cViajes Milenarios en Quechua\u201d<br>15:45 &#8211; 16:25 pm    Carmen Villavicencio &#8211; \u201cPeruana Viajera\u201d<br>                               Tema: \u201cComo manejar una cuenta de Viajes y no <br>                               morir en el intento\u201d<br>16:30 &#8211; 17:10 pm    Iv\u00e1n Cabrejos &#8211; \u201c Grupo Per\u00fa Aire Libre\u201d<br>                               Tema: \u201cUna experiencia como caminante\u201d<br>17:15 &#8211; 18:00 pm    Jaime N\u00fa\u00f1ez (Espa\u00f1a) &#8211; \u201cEl Mundo En Moto\u201d<br>                               Tema: \u201cCinco Continentes, dos ruedas y una <br>                               historia \u201c<br>18:05 &#8211; 18:15 pm    Premiaci\u00f3n de La Mejor Foto Viajera<br>18:15 &#8211; 18:30 pm    Palabras de despedida Y Foto Final Grupal<br>18:30 &#8211; 19:00 pm    Brindis de Clausura <\/p>\n\n\n\n<p><strong>Domingo 13 de octubre <\/strong><br>Half day <br>Punto de reuni\u00f3n: Plaza Mayor de Lima<br>Hora: de 09 00am \u2013 a \u2013 2:00pm<br>Visitaremos lugares de inter\u00e9s de Lima colonial y republicana  <\/p>\n","protected":false},"excerpt":{"rendered":"<p>El E.G.V. en Per\u00fa nace con una base s\u00f3lida, ya que este mismo evento se celebra en Espa\u00f1a desde hace<\/p>\n","protected":false},"author":1,"featured_media":8441,"comment_status":"open","ping_status":"open","sticky":false,"template":"","format":"standard","meta":{"colormag_page_container_layout":"default_layout","colormag_page_sidebar_layout":"default_layout","footnotes":""},"categories":[2],"tags":[236,532,465,179,1656],"class_list":["post-8440","post","type-post","status-publish","format-standard","has-post-thumbnail","hentry","category-eventos","tag-gastronomia-peruana","tag-periodista-cecilia-portella","tag-prensa-de-turismo","tag-turismo-peru","tag-universidad-san-martin-de-porres"],"_links":{"self":[{"href":"https:\/\/lacuevadedominguez.net.pe\/index.php\/wp-json\/wp\/v2\/posts\/8440","targetHints":{"allow":["GET"]}}],"collection":[{"href":"https:\/\/lacuevadedominguez.net.pe\/index.php\/wp-json\/wp\/v2\/posts"}],"about":[{"href":"https:\/\/lacuevadedominguez.net.pe\/index.php\/wp-json\/wp\/v2\/types\/post"}],"author":[{"embeddable":true,"href":"https:\/\/lacuevadedominguez.net.pe\/index.php\/wp-json\/wp\/v2\/users\/1"}],"replies":[{"embeddable":true,"href":"https:\/\/lacuevadedominguez.net.pe\/index.php\/wp-json\/wp\/v2\/comments?post=8440"}],"version-history":[{"count":2,"href":"https:\/\/lacuevadedominguez.net.pe\/index.php\/wp-json\/wp\/v2\/posts\/8440\/revisions"}],"predecessor-version":[{"id":9178,"href":"https:\/\/lacuevadedominguez.net.pe\/index.php\/wp-json\/wp\/v2\/posts\/8440\/revisions\/9178"}],"wp:featuredmedia":[{"embeddable":true,"href":"https:\/\/lacuevadedominguez.net.pe\/index.php\/wp-json\/wp\/v2\/media\/8441"}],"wp:attachment":[{"href":"https:\/\/lacuevadedominguez.net.pe\/index.php\/wp-json\/wp\/v2\/media?parent=8440"}],"wp:term":[{"taxonomy":"category","embeddable":true,"href":"https:\/\/lacuevadedominguez.net.pe\/index.php\/wp-json\/wp\/v2\/categories?post=8440"},{"taxonomy":"post_tag","embeddable":true,"href":"https:\/\/lacuevadedominguez.net.pe\/index.php\/wp-json\/wp\/v2\/tags?post=8440"}],"curies":[{"name":"wp","href":"https:\/\/api.w.org\/{rel}","templated":true}]}}