{"id":8472,"date":"2019-10-16T10:39:08","date_gmt":"2019-10-16T15:39:08","guid":{"rendered":"http:\/\/lacuevadedominguez.net.pe\/?p=8472"},"modified":"2019-10-16T09:40:15","modified_gmt":"2019-10-16T14:40:15","slug":"la-cueva-de-dominguez-incursiona-en-la-tv-digital","status":"publish","type":"post","link":"https:\/\/lacuevadedominguez.net.pe\/index.php\/2019\/10\/16\/la-cueva-de-dominguez-incursiona-en-la-tv-digital\/","title":{"rendered":"La Cueva de Dominguez incursiona en la TV Digital"},"content":{"rendered":"\n<p>Despu\u00e9s de tres a\u00f1os y un poco m\u00e1s de haber nacido como un medio virtual de comunicaci\u00f3n dedicado a temas de gastronom\u00eda, turismo y las diversas tendencias que se relacionan con el sector, el pasado lunes 14 de octubre sali\u00f3 al aire en se\u00f1al v\u00eda streaming, \u00ab<strong>La Cueva de Dominguez en TV\u00bb, bajo la conducci\u00f3n de su directora, la periodista Cecilia Portella.<\/strong><\/p>\n\n\n\n<p>Bajo la plataforma del <strong>Canal Fan\u00e1ticos TV Digital<\/strong>, en estudio ubicado en el coraz\u00f3n de la televisi\u00f3n peruana, en el distrito de Lince, #lcddentv tuvo como primeros invitados a los representantes de las tabernas m\u00e1s emblem\u00e1ticas de Lima: <strong>Superba y Bar Juanito de Barranco<\/strong>, quienes departieron en amena charla, entre cocteles, platos y fiambres m\u00e1s pedidos de ambos lugares.<\/p>\n\n\n\n<p>Asimismo, el turismo encontr\u00f3 un espacio de conversaci\u00f3n, gracias al <strong>Tercer Encuentro Grandes Viajeros,<\/strong> que tuvo como representantes en el programa, transmitido en vivo, a la licenciada especialista en Turismo y Hoteler\u00eda, Gladys Calder\u00f3n, del equipo organizador de este exitoso evento y a la bloggera y empresaria Carmen Villavicencio, quien a trav\u00e9s de su cuenta \u00abPeruana Viajera\u00bb comparti\u00f3 sus experiencias, en el espacio televisivo.<\/p>\n\n\n\n<p>Cabe destacar que <strong>#LCDDENTV<\/strong> es un espacio que abre sus puertas a marcas, profesionales del rubro turismo y gastronom\u00eda, insumos, adem\u00e1s de restaurantes, eventos, instituciones y personajes vinculados al sector. \u00abEl programa se transmitir\u00e1 en vivo<strong> los d\u00edas lunes a las 5 pm<\/strong>. y tiene como aliadas a plataformas web de comunicaci\u00f3n y redes como <a href=\"http:\/\/www.seccionnoticias.net.pe\" target=\"_blank\" rel=\"noopener\">www.seccionnoticias.net.pe<\/a> , <a href=\"http:\/\/www.generaccion.com\" target=\"_blank\" rel=\"noopener\">www.generaccion.com<\/a> con todas sus redes, quienes tambi\u00e9n expondr\u00e1n las marcas que se presenten en el programa\u00bb, coment\u00f3 Portella.<\/p>\n\n\n\n<p>\u00abLa diferencia con cualquiera de las transmisiones v\u00eda streaming. es que contamos una direcci\u00f3n de tv en estudio, switcher, equipos similares a los que se usan en los importantes grupos de se\u00f1al abierta del pa\u00eds. Y esto, adem\u00e1s de calidad en la transmisi\u00f3n, permite un soporte para cada uno de los programas que deseen tener un espacio, v\u00eda esta se\u00f1al digital, que cada vez va sumando m\u00e1s aliados. Es el lugar ideal para exponer una marca. Agradezco al empresario y comunicador Billy Ramirez, por la oportunidad de este espacio, y a todo el equipo t\u00e9cnico y de producci\u00f3n de Fan\u00e1ticos TV Digital\u00bb, finaliz\u00f3 Cecilia Portella.<\/p>\n","protected":false},"excerpt":{"rendered":"<p>Despu\u00e9s de tres a\u00f1os y un poco m\u00e1s de haber nacido como un medio virtual de comunicaci\u00f3n dedicado a temas<\/p>\n","protected":false},"author":1,"featured_media":8474,"comment_status":"open","ping_status":"open","sticky":false,"template":"","format":"standard","meta":{"colormag_page_container_layout":"default_layout","colormag_page_sidebar_layout":"default_layout","footnotes":""},"categories":[5],"tags":[1680,1679,532,1682,1683,1681],"class_list":["post-8472","post","type-post","status-publish","format-standard","has-post-thumbnail","hentry","category-recomendados","tag-encuentro-grandes-viajeros","tag-la-cueva-de-dominguez-en-tv","tag-periodista-cecilia-portella","tag-programa-de-gastronomia","tag-programa-de-turismo","tag-via-streaming"],"_links":{"self":[{"href":"https:\/\/lacuevadedominguez.net.pe\/index.php\/wp-json\/wp\/v2\/posts\/8472","targetHints":{"allow":["GET"]}}],"collection":[{"href":"https:\/\/lacuevadedominguez.net.pe\/index.php\/wp-json\/wp\/v2\/posts"}],"about":[{"href":"https:\/\/lacuevadedominguez.net.pe\/index.php\/wp-json\/wp\/v2\/types\/post"}],"author":[{"embeddable":true,"href":"https:\/\/lacuevadedominguez.net.pe\/index.php\/wp-json\/wp\/v2\/users\/1"}],"replies":[{"embeddable":true,"href":"https:\/\/lacuevadedominguez.net.pe\/index.php\/wp-json\/wp\/v2\/comments?post=8472"}],"version-history":[{"count":1,"href":"https:\/\/lacuevadedominguez.net.pe\/index.php\/wp-json\/wp\/v2\/posts\/8472\/revisions"}],"predecessor-version":[{"id":8473,"href":"https:\/\/lacuevadedominguez.net.pe\/index.php\/wp-json\/wp\/v2\/posts\/8472\/revisions\/8473"}],"wp:featuredmedia":[{"embeddable":true,"href":"https:\/\/lacuevadedominguez.net.pe\/index.php\/wp-json\/wp\/v2\/media\/8474"}],"wp:attachment":[{"href":"https:\/\/lacuevadedominguez.net.pe\/index.php\/wp-json\/wp\/v2\/media?parent=8472"}],"wp:term":[{"taxonomy":"category","embeddable":true,"href":"https:\/\/lacuevadedominguez.net.pe\/index.php\/wp-json\/wp\/v2\/categories?post=8472"},{"taxonomy":"post_tag","embeddable":true,"href":"https:\/\/lacuevadedominguez.net.pe\/index.php\/wp-json\/wp\/v2\/tags?post=8472"}],"curies":[{"name":"wp","href":"https:\/\/api.w.org\/{rel}","templated":true}]}}