{"id":8771,"date":"2020-02-11T12:06:00","date_gmt":"2020-02-11T17:06:00","guid":{"rendered":"http:\/\/lacuevadedominguez.net.pe\/?p=8771"},"modified":"2020-02-11T11:15:00","modified_gmt":"2020-02-11T16:15:00","slug":"carnaval-ayacuchano-2020-tuvo-lanzamiento-en-lima","status":"publish","type":"post","link":"https:\/\/lacuevadedominguez.net.pe\/index.php\/2020\/02\/11\/carnaval-ayacuchano-2020-tuvo-lanzamiento-en-lima\/","title":{"rendered":"Carnaval Ayacuchano 2020 tuvo lanzamiento en Lima"},"content":{"rendered":"\n<p>La alegr\u00eda, el color y emoci\u00f3n de la danza ayacuchana, la Plaza de Armas de Lima, al anunciarse el lanzamiento del <strong>\u201cCarnaval Ayacuchano 2020\u201d.<\/strong><\/p>\n\n\n\n<p>El ritmo contagiante de los <strong>470 danzantes de las ocho provincias de la Regi\u00f3n Ayacucho<\/strong>, fue el preludio de esta gran fiesta carnavalesca ayacuchana que se desplaz\u00f3 por las calles lime\u00f1as.<\/p>\n\n\n\n<p>El lanzamiento del \u201cCarnaval Ayacuchano 2020\u201d, estuvo a cargo del <strong>presidente de la Rep\u00fablica Mart\u00edn Vizcarra Cornejo<\/strong>, qui\u00e9n luci\u00f3 una tradicional vestimenta ayacuchana.<\/p>\n\n\n\n<p>El primer mandatario que recibi\u00f3 un hermoso Retablo, destac\u00f3 la importancia y espect\u00e1culo andino que es la festividad carnavalesca ayacuchana, ya que es considerado como <strong>Patrimonio Cultural de la Naci\u00f3n.<\/strong><\/p>\n\n\n\n<p>En el evento\ncont\u00f3 con la presencia del Gobernador Regional de Ayacucho, Carlos R\u00faa Carbajal,\nas\u00ed como de los congresistas electos por Ayacucho.<\/p>\n\n\n\n<p>R\u00faa Carbajal anunci\u00f3 que <strong>el \u201cCarnaval Ayacuchano 2020\u201d, se desarrollar\u00e1 del 22 al 26 de febrero, y que se estima que la ciudad de Ayacucho sea visitada por m\u00e1s de 30 mil turistas,<\/strong> \u201cvan a disfrutar de esta fiesta ayacuchana, sus festejos, bailes y expresiones culturales que ya son tradicionales\u201d, subray\u00f3 el gobernador ayacuchano.<\/p>\n\n\n\n<p>Los platos\nt\u00edpicos como el puchero, como la chicha de jora, tradicionales potajes\nayacuchanos estar\u00e1n en las distintas ferias gastron\u00f3micas y restaurantes\ntur\u00edsticos de la Ayacucho<\/p>\n\n\n\n<p>El Pasacalle por las calles lime\u00f1as, comenzando en la parte frontal de la <strong>Casa de Pizarro, el baile de los danzantes de las provincias de Huamanga, Huanta, Fajardo, Vinchos, Sucre, Huancasancos, Lucanas y Vilcashuam\u00e1n, <\/strong>contagi\u00f3 a los turistas y p\u00fablico en general que no dudaron en bailar y tomar fotograf\u00edas.<\/p>\n\n\n\n<p>El Pasacalle de los danzantes, que luc\u00edan coloridos trajes oriundos de la regi\u00f3n fue avanzando al ritmo contagiante de huaynos interpretados por una banda de m\u00fasicos, desde la <strong>Plaza de Armas, hasta la Plaza San Mart\u00edn.<\/strong><\/p>\n\n\n\n<p>El Pasacalle andino se abri\u00f3 paso a lo largo del <strong>jir\u00f3n de la Uni\u00f3n, <\/strong>cimbreantes y coloridos los danzantes que no dejaban de festejar y envolver a los presentes de esa tradicional fiesta ayacuchana.<\/p>\n","protected":false},"excerpt":{"rendered":"<p>La alegr\u00eda, el color y emoci\u00f3n de la danza ayacuchana, la Plaza de Armas de Lima, al anunciarse el lanzamiento<\/p>\n","protected":false},"author":1,"featured_media":8772,"comment_status":"open","ping_status":"open","sticky":false,"template":"","format":"standard","meta":{"colormag_page_container_layout":"default_layout","colormag_page_sidebar_layout":"default_layout","footnotes":""},"categories":[2],"tags":[1898,1899,236,1900,1901,465,1078,1896,1897],"class_list":["post-8771","post","type-post","status-publish","format-standard","has-post-thumbnail","hentry","category-eventos","tag-carnaval-ayacuchano","tag-gastronomia-ayacuchana","tag-gastronomia-peruana","tag-plaza-de-armas-de-lima","tag-plaza-san-martin","tag-prensa-de-turismo","tag-press-tour","tag-region-ayacucho","tag-turismo-en-ayacucho"],"_links":{"self":[{"href":"https:\/\/lacuevadedominguez.net.pe\/index.php\/wp-json\/wp\/v2\/posts\/8771","targetHints":{"allow":["GET"]}}],"collection":[{"href":"https:\/\/lacuevadedominguez.net.pe\/index.php\/wp-json\/wp\/v2\/posts"}],"about":[{"href":"https:\/\/lacuevadedominguez.net.pe\/index.php\/wp-json\/wp\/v2\/types\/post"}],"author":[{"embeddable":true,"href":"https:\/\/lacuevadedominguez.net.pe\/index.php\/wp-json\/wp\/v2\/users\/1"}],"replies":[{"embeddable":true,"href":"https:\/\/lacuevadedominguez.net.pe\/index.php\/wp-json\/wp\/v2\/comments?post=8771"}],"version-history":[{"count":1,"href":"https:\/\/lacuevadedominguez.net.pe\/index.php\/wp-json\/wp\/v2\/posts\/8771\/revisions"}],"predecessor-version":[{"id":8773,"href":"https:\/\/lacuevadedominguez.net.pe\/index.php\/wp-json\/wp\/v2\/posts\/8771\/revisions\/8773"}],"wp:featuredmedia":[{"embeddable":true,"href":"https:\/\/lacuevadedominguez.net.pe\/index.php\/wp-json\/wp\/v2\/media\/8772"}],"wp:attachment":[{"href":"https:\/\/lacuevadedominguez.net.pe\/index.php\/wp-json\/wp\/v2\/media?parent=8771"}],"wp:term":[{"taxonomy":"category","embeddable":true,"href":"https:\/\/lacuevadedominguez.net.pe\/index.php\/wp-json\/wp\/v2\/categories?post=8771"},{"taxonomy":"post_tag","embeddable":true,"href":"https:\/\/lacuevadedominguez.net.pe\/index.php\/wp-json\/wp\/v2\/tags?post=8771"}],"curies":[{"name":"wp","href":"https:\/\/api.w.org\/{rel}","templated":true}]}}