{"id":9019,"date":"2020-06-10T09:30:55","date_gmt":"2020-06-10T14:30:55","guid":{"rendered":"http:\/\/lacuevadedominguez.net.pe\/?p=9019"},"modified":"2020-06-10T08:17:28","modified_gmt":"2020-06-10T13:17:28","slug":"dia-del-padre-el-gourmet-comparte-recetas-en-una-semana-especial-para-cocinar-en-familia","status":"publish","type":"post","link":"https:\/\/lacuevadedominguez.net.pe\/index.php\/2020\/06\/10\/dia-del-padre-el-gourmet-comparte-recetas-en-una-semana-especial-para-cocinar-en-familia\/","title":{"rendered":"D\u00eda del Padre: El Gourmet comparte recetas en una semana especial para cocinar en familia"},"content":{"rendered":"\n<p><strong>Link para descargar recetas: <u><a href=\"https:\/\/bit.ly\/2AG2Rdm\" target=\"_blank\" rel=\"noreferrer noopener\">https:\/\/bit.ly\/2AG2Rdm<\/a><\/u><\/strong><\/p>\n\n\n\n<p><strong>Del lunes 15 al viernes 19 de junio<\/strong>, <strong>El Gourmet<\/strong> invita a inspirarse a cocinar con nuestros seres queridos y celebrar el d\u00eda del padre, el domingo 21 de junio. Para ello, la se\u00f1al emitir\u00e1 \u201cEl Pan nuestro de cada d\u00eda\u201d \u201cLos Petersen recetas caseras\u201d y \u201cParrilla a la mexicana\u201d, as\u00ed las familias pueden planificar el men\u00fa y prepararlos, padres e hijos, codo a codo.<\/p>\n\n\n\n<p>En anticipo al \u201cD\u00eda del Padre\u201d, El Gourmet emite \u201c<strong>El pan nuestro de cada d\u00eda<\/strong>\u201d donde el maestro Juan Manuel Herrera ense\u00f1ar\u00e1 c\u00f3mo preparar un pan casero integral so\u00f1ado, mientras que Christian y Roberto preparar\u00e1n Fricasse de blanco de pollo en \u201c<strong>Los Petersen recetas caseras<\/strong>\u201d. El <strong>martes 16<\/strong>, Juan Manuel cocinar\u00e1 unas leng\u00fcitas saborizadas en \u201c<strong>El Pan nuestro de cada d\u00eda<\/strong>\u201d.<\/p>\n\n\n\n<p>Hacia mitad de la semana, el <strong>mi\u00e9rcoles 17<\/strong>, Christian y Roberto Petersen mostrar\u00e1n c\u00f3mo hacer unas bruschettas de burrata en \u201c<strong>Los Petersen recetas Caseras<\/strong>\u201d y Poncho Cadena preparar\u00e1 un rib eye al carb\u00f3n con tortilla sobaquera en \u201c<strong>Parrilla a la Mexicana<\/strong>\u201d. Adem\u00e1s, el <strong>jueves 18 de junio<\/strong> ser\u00e1 un programa especial para Poncho ya que, junto a su hijo Mateo, ense\u00f1ar\u00e1n a preparar un desayuno de chuletas con huevo.<\/p>\n\n\n\n<p>Para llegar al fin de semana con todo el men\u00fa pensado, el <strong>viernes 19 de junio<\/strong> Juan Manuel Herrera ense\u00f1ar\u00e1 a preparar panes rellenos, los Petersen cocinar\u00e1n su Brangus beef-hamburguesa- y una tarta de lim\u00f3n de lim\u00f3n ideal para disfrutar a la tarde, y Poncho Cadena dar\u00e1 los mejores tips para lograr unas deliciosas quesadillas con pierna de cordero.<\/p>\n\n\n\n<p><strong>[SERIE] \u2013 LOS PETERSEN RECETAS CASERAS T2<\/strong><\/p>\n\n\n\n<p><strong><u>EL GOURMET<\/u><\/strong><\/p>\n\n\n\n<p><strong>De lunes a viernes a las 8:00 p.m.<\/strong><\/p>\n\n\n\n<p><strong>Conducci\u00f3n: Christian y Roberto Petersen<\/strong><\/p>\n\n\n\n<p><strong>[SERIE] \u2013 PARRILLA A LA MEXICANA<\/strong><\/p>\n\n\n\n<p><strong><u>EL GOURMET<\/u><\/strong><\/p>\n\n\n\n<p><strong>De lunes a viernes a las 9:00 p.m.<\/strong><\/p>\n\n\n\n<p><strong>Conducci\u00f3n: Poncho Cadena<\/strong><\/p>\n\n\n\n<p>El Gourmet conecta de manera emocional y pr\u00e1ctica a la audiencia latinoamericana con sus tradiciones y ra\u00edces, combinado con variadas experiencias culinarias del mundo. La se\u00f1al puedeverse en Per\u00fa por Claro TV: 110, DirecTV: 232 y Movistar TV: 758 HD.<\/p>\n","protected":false},"excerpt":{"rendered":"<p>Link para descargar recetas: https:\/\/bit.ly\/2AG2Rdm Del lunes 15 al viernes 19 de junio, El Gourmet invita a inspirarse a cocinar<\/p>\n","protected":false},"author":1,"featured_media":9020,"comment_status":"open","ping_status":"open","sticky":false,"template":"","format":"standard","meta":{"colormag_page_container_layout":"default_layout","colormag_page_sidebar_layout":"default_layout","footnotes":""},"categories":[3],"tags":[2008],"class_list":["post-9019","post","type-post","status-publish","format-standard","has-post-thumbnail","hentry","category-lifestyle","tag-el-gourmet"],"_links":{"self":[{"href":"https:\/\/lacuevadedominguez.net.pe\/index.php\/wp-json\/wp\/v2\/posts\/9019","targetHints":{"allow":["GET"]}}],"collection":[{"href":"https:\/\/lacuevadedominguez.net.pe\/index.php\/wp-json\/wp\/v2\/posts"}],"about":[{"href":"https:\/\/lacuevadedominguez.net.pe\/index.php\/wp-json\/wp\/v2\/types\/post"}],"author":[{"embeddable":true,"href":"https:\/\/lacuevadedominguez.net.pe\/index.php\/wp-json\/wp\/v2\/users\/1"}],"replies":[{"embeddable":true,"href":"https:\/\/lacuevadedominguez.net.pe\/index.php\/wp-json\/wp\/v2\/comments?post=9019"}],"version-history":[{"count":1,"href":"https:\/\/lacuevadedominguez.net.pe\/index.php\/wp-json\/wp\/v2\/posts\/9019\/revisions"}],"predecessor-version":[{"id":9021,"href":"https:\/\/lacuevadedominguez.net.pe\/index.php\/wp-json\/wp\/v2\/posts\/9019\/revisions\/9021"}],"wp:featuredmedia":[{"embeddable":true,"href":"https:\/\/lacuevadedominguez.net.pe\/index.php\/wp-json\/wp\/v2\/media\/9020"}],"wp:attachment":[{"href":"https:\/\/lacuevadedominguez.net.pe\/index.php\/wp-json\/wp\/v2\/media?parent=9019"}],"wp:term":[{"taxonomy":"category","embeddable":true,"href":"https:\/\/lacuevadedominguez.net.pe\/index.php\/wp-json\/wp\/v2\/categories?post=9019"},{"taxonomy":"post_tag","embeddable":true,"href":"https:\/\/lacuevadedominguez.net.pe\/index.php\/wp-json\/wp\/v2\/tags?post=9019"}],"curies":[{"name":"wp","href":"https:\/\/api.w.org\/{rel}","templated":true}]}}