{"id":9026,"date":"2020-06-11T10:30:33","date_gmt":"2020-06-11T15:30:33","guid":{"rendered":"http:\/\/lacuevadedominguez.net.pe\/?p=9026"},"modified":"2020-06-11T09:13:51","modified_gmt":"2020-06-11T14:13:51","slug":"viva-air-hace-un-llamado-urgente-al-gobierno-para-sobrevivir-a-la-crisis-actual-que-enfrenta-la-aviacion-mundial","status":"publish","type":"post","link":"https:\/\/lacuevadedominguez.net.pe\/index.php\/2020\/06\/11\/viva-air-hace-un-llamado-urgente-al-gobierno-para-sobrevivir-a-la-crisis-actual-que-enfrenta-la-aviacion-mundial\/","title":{"rendered":"Viva Air hace un llamado urgente al gobierno para sobrevivir a la crisis actual que enfrenta la aviaci\u00f3n mundial"},"content":{"rendered":"\n<p>Viva Air, el grupo de aerol\u00edneas de bajo costo, l\u00edder de la regi\u00f3n, hace un llamado urgente a la toma de decisiones por parte del Gobierno para poder sobrevivir a la peor crisis en la historia de la aviaci\u00f3n mundial. Por ello destaca los siguientes puntos, en el contexto del estado de emergencia, establecido desde marzo del presente a\u00f1o:<\/p>\n\n\n\n<ul class=\"wp-block-list\"><li>En Viva Air, tenemos 3 a\u00f1os operando en el Per\u00fa, siendo la segunda aerol\u00ednea en la regi\u00f3n. Tributamos en el pa\u00eds y adicionalmente, generamos m\u00e1s de 600 empleos directos e indirectos, sumados a los miles de puestos de trabajo que crea el sector gracias a la conectividad y el turismo.<\/li><li>En los \u00faltimos dos a\u00f1os hemos invertido fuertemente en renovar nuestra flota; hoy tenemos la flota m\u00e1s moderna de la regi\u00f3n, con nuestros 15 Airbus 320 CEO. En el futuro empezar\u00e1n a llegar adicionalmente 35 Airbus 320 NEO, aviones incluso m\u00e1s modernos y eficientes.<\/li><li>La crisis del Covid-19 es, sin lugar a dudas, la m\u00e1s grave que ha enfrentado la industria a\u00e9rea.<\/li><li>En Viva Air hemos buscado mecanismos para sobrellevar esta situaci\u00f3n intentando preservar al m\u00e1ximo el empleo y nuestros futuros planes de expansi\u00f3n, que buscan democratizar los cielos por medio de la inclusi\u00f3n a\u00e9rea de todos los peruanos.<\/li><li>Hemos respaldado las medidas adoptadas por el Gobierno Nacional para proteger la vida. No obstante, el cierre de las operaciones dom\u00e9sticas por m\u00e1s de tres meses, y fecha indefinida para vuelos internacionales, es insostenible para una industria que requiere altos flujos de caja debido a sus caracter\u00edsticas y altos costos fijos. Cada d\u00eda que pasa, suma a la agon\u00eda de una industria que necesita claridad sobre las fechas de regreso a la operaci\u00f3n, para poder comunicarlo a sus pasajeros y activarse comercial y operativamente.<\/li><li>Seg\u00fan cifras de la IATA para el mercado peruano, un total de 341.000 empleos son generados por el transporte a\u00e9reo y los turistas que llegan al pa\u00eds por v\u00eda a\u00e9rea; por lo que gran parte de estos puestos de trabajo est\u00e1n en riesgo debido al Covid-19; no en vano la aviaci\u00f3n en el Per\u00fa, contribuye con US$ 5 mil millones en valor agregado bruto a la econom\u00eda del pa\u00eds. Asimismo, el sector sostiene el 2,6% del PBI incluyendo los turistas que llegan por v\u00eda \u00e1rea, por lo cual este sector requiere de atenci\u00f3n inmediata.<\/li><li>Ante esta situaci\u00f3n absolutamente cr\u00edtica, le solicitamos al Gobierno Nacional un cr\u00e9dito por un monto razonable en comparaci\u00f3n con las necesidades del sector en el \u00e1mbito nacional e internacional. No estamos solicitando ni rescates ni subsidios, pues entendemos las realidades que afronta el pa\u00eds y los esfuerzos que se han puesto en marcha.<\/li><li>La industria a\u00e9rea es uno de los sectores m\u00e1s regulados y auto regulados de la econom\u00eda. Adem\u00e1s, los controles y protocolos de bioseguridad para evitar la expansi\u00f3n del Covid-19 ya est\u00e1n listos, validados por la direcci\u00f3n de Aeron\u00e1utica Civil (DGAC) y presentados al Ministerio de Salud por su aprobaci\u00f3n; finalmente, nuestros aviones de \u00faltima tecnolog\u00eda tienen filtros HEPA que renuevan el aire, creando un espacio libre de virus y bacterias.<\/li><li>Otros pa\u00edses de la regi\u00f3n, con cifras preocupantes de contagio al igual que Per\u00fa, no han cerrado sus operaciones a\u00e9reas o ya tienen fechas pr\u00f3ximas y claras de reapertura, lo que alivia a las aerol\u00edneas. Chile, Brasil, M\u00e9xico y Guatemala no suspendieron sus operaciones; Ecuador retom\u00f3 operaciones el 1 de junio, y Costa Rica anunci\u00f3 apertura de fronteras el 15 de junio.<\/li><li>El sector a\u00e9reo es garant\u00eda de competitividad, productividad y desarrollo. El Per\u00fa necesita reactivar su aparato productivo, y la conectividad a\u00e9rea es pieza clave para lograrlo.<\/li><\/ul>\n\n\n\n<p>Por estos argumentos, m\u00e1s el llamado de los trabajadores de la industria que claman por su derecho al trabajo,&nbsp;<strong>hacemos un urgente llamado a las diferentes autoridades nacionales.&nbsp;<\/strong>Cada d\u00eda que pasa la situaci\u00f3n se agrava m\u00e1s, y en ese sentido, necesitamos una soluci\u00f3n definitiva.<\/p>\n","protected":false},"excerpt":{"rendered":"<p>Viva Air, el grupo de aerol\u00edneas de bajo costo, l\u00edder de la regi\u00f3n, hace un llamado urgente a la toma<\/p>\n","protected":false},"author":1,"featured_media":9027,"comment_status":"open","ping_status":"open","sticky":false,"template":"","format":"standard","meta":{"colormag_page_container_layout":"default_layout","colormag_page_sidebar_layout":"default_layout","footnotes":""},"categories":[11],"tags":[1649],"class_list":["post-9026","post","type-post","status-publish","format-standard","has-post-thumbnail","hentry","category-turismo","tag-viva-air"],"_links":{"self":[{"href":"https:\/\/lacuevadedominguez.net.pe\/index.php\/wp-json\/wp\/v2\/posts\/9026","targetHints":{"allow":["GET"]}}],"collection":[{"href":"https:\/\/lacuevadedominguez.net.pe\/index.php\/wp-json\/wp\/v2\/posts"}],"about":[{"href":"https:\/\/lacuevadedominguez.net.pe\/index.php\/wp-json\/wp\/v2\/types\/post"}],"author":[{"embeddable":true,"href":"https:\/\/lacuevadedominguez.net.pe\/index.php\/wp-json\/wp\/v2\/users\/1"}],"replies":[{"embeddable":true,"href":"https:\/\/lacuevadedominguez.net.pe\/index.php\/wp-json\/wp\/v2\/comments?post=9026"}],"version-history":[{"count":1,"href":"https:\/\/lacuevadedominguez.net.pe\/index.php\/wp-json\/wp\/v2\/posts\/9026\/revisions"}],"predecessor-version":[{"id":9028,"href":"https:\/\/lacuevadedominguez.net.pe\/index.php\/wp-json\/wp\/v2\/posts\/9026\/revisions\/9028"}],"wp:featuredmedia":[{"embeddable":true,"href":"https:\/\/lacuevadedominguez.net.pe\/index.php\/wp-json\/wp\/v2\/media\/9027"}],"wp:attachment":[{"href":"https:\/\/lacuevadedominguez.net.pe\/index.php\/wp-json\/wp\/v2\/media?parent=9026"}],"wp:term":[{"taxonomy":"category","embeddable":true,"href":"https:\/\/lacuevadedominguez.net.pe\/index.php\/wp-json\/wp\/v2\/categories?post=9026"},{"taxonomy":"post_tag","embeddable":true,"href":"https:\/\/lacuevadedominguez.net.pe\/index.php\/wp-json\/wp\/v2\/tags?post=9026"}],"curies":[{"name":"wp","href":"https:\/\/api.w.org\/{rel}","templated":true}]}}