{"id":9049,"date":"2020-06-18T09:30:59","date_gmt":"2020-06-18T14:30:59","guid":{"rendered":"http:\/\/lacuevadedominguez.net.pe\/?p=9049"},"modified":"2020-06-18T08:11:43","modified_gmt":"2020-06-18T13:11:43","slug":"proyecto-de-ley-propone-promover-turismo-por-carreteras","status":"publish","type":"post","link":"https:\/\/lacuevadedominguez.net.pe\/index.php\/2020\/06\/18\/proyecto-de-ley-propone-promover-turismo-por-carreteras\/","title":{"rendered":"Proyecto de ley propone promover turismo por carreteras"},"content":{"rendered":"\n<p>Con el objetivo de recuperar el sector turismo, actualmente paralizado por la pandemia, la Facultad de Administraci\u00f3n Hotelera, Turismo y Gastronom\u00eda, prepar\u00f3 una serie de iniciativas que gracias a la participaci\u00f3n del congresista Luis Roel se han convertido en un proyecto de ley.<\/p>\n\n\n\n<p>El proyecto de ley presentado ayer en el Congreso de la Rep\u00fablica busca declarar en emergencia el sector turismo por un periodo de dieciocho meses, as\u00ed como generar incentivos tributarios y econ\u00f3micos para recuperar esta actividad que emplea a 3.5 millones de personas, de las cuales 1.5 millones son formales.<\/p>\n\n\n\n<p>Entre las medidas para la recuperaci\u00f3n del turismo se propone la creaci\u00f3n del Fondo Tur\u00edstico Especial Concursable (FONTEC) destinado a desarrollar proyectos de mejoramiento de infraestructura, servicios, bioseguridad y promoci\u00f3n tur\u00edstica, as\u00ed como un Fondo de Apoyo a la Emergencia del Turismo (FAET), el cual servir\u00e1 como capital de trabajo y refinanciamiento de deudas.<\/p>\n\n\n\n<p><strong>Reinventando el turismo<\/strong><\/p>\n\n\n\n<p>La iniciativa de ley naci\u00f3 como idea en el foro digital \u201cReinventando el Turismo en tiempos de Covid-19\u201d, que organiz\u00f3 la USIL hace tres semanas, espacio en el que particip\u00f3 el ministro de Comercio Exterior y Turismo, Edgar V\u00e1squez, y el fundador presidente del Grupo USIL, Ra\u00fal Diez Canseco Terry.<\/p>\n\n\n\n<p>El Per\u00fa es considerado el quinto destino tur\u00edstico m\u00e1s competitivo de Am\u00e9rica Latina, que el a\u00f1o pasado recibi\u00f3 a 4\u2019371,787 turistas internacionales, pero, seg\u00fan la C\u00e1mara Nacional de Turismo, debido a la pandemia, este a\u00f1o tendremos menos de mill\u00f3n de turistas en todo el pa\u00eds.<\/p>\n\n\n\n<p>\u201cEsto ha generado una crisis enorme en el sector, poniendo en riesgo a cerca del 92% de PYMES operadoras tur\u00edsticas. Nuestro rol como academia es contribuir al estudio de los principales problemas del pa\u00eds y proponer alternativas t\u00e9cnicas y viables de soluci\u00f3n\u201d, se\u00f1al\u00f3 Diez Canseco Terry.<\/p>\n\n\n\n<p><strong>Turismo por carreteras<\/strong><\/p>\n\n\n\n<p>El ex primer vicepresidente de la Rep\u00fablica y exministro de Comercio Exterior y Turismo, dijo que la soluci\u00f3n para empezar a levantar el sector es promover el turismo por carreteras. \u201cEs un turismo familiar, seguro y saludable, que dinamiza actividades conexas como el comercio, hoteler\u00eda, restaurantes y artesan\u00edas\u201d, agreg\u00f3.<\/p>\n\n\n\n<p>Asimismo, se propone impulsar el turismo rural comunitario a fin de beneficiar a las comunidades de todo el pa\u00eds, para lo cual los Gobiernos regionales y locales deber\u00e1n priorizar obras que permitan la conectiva entre las comunidades, as\u00ed como infraestructura y servicios b\u00e1sicos.<\/p>\n\n\n\n<p>Las empresas que adopten medidas para disminuir el contagio del COVID-19 recibir\u00e1n el Sello de Bioseguridad en Turismo y ser\u00e1n incluidas en una plataforma digital donde los usuarios podr\u00e1n escoger y contratar sus servicios.<\/p>\n\n\n\n<p><strong>El dato: <\/strong>El proyecto de ley propone declarar las Fiestas Patrias del 2020 y la celebraci\u00f3n del Bicentenario el 2021 como \u201csemana completa no laborable\u201d.<\/p>\n","protected":false},"excerpt":{"rendered":"<p>Con el objetivo de recuperar el sector turismo, actualmente paralizado por la pandemia, la Facultad de Administraci\u00f3n Hotelera, Turismo y<\/p>\n","protected":false},"author":1,"featured_media":9050,"comment_status":"open","ping_status":"open","sticky":false,"template":"","format":"standard","meta":{"colormag_page_container_layout":"default_layout","colormag_page_sidebar_layout":"default_layout","footnotes":""},"categories":[11],"tags":[177],"class_list":["post-9049","post","type-post","status-publish","format-standard","has-post-thumbnail","hentry","category-turismo","tag-usil"],"_links":{"self":[{"href":"https:\/\/lacuevadedominguez.net.pe\/index.php\/wp-json\/wp\/v2\/posts\/9049","targetHints":{"allow":["GET"]}}],"collection":[{"href":"https:\/\/lacuevadedominguez.net.pe\/index.php\/wp-json\/wp\/v2\/posts"}],"about":[{"href":"https:\/\/lacuevadedominguez.net.pe\/index.php\/wp-json\/wp\/v2\/types\/post"}],"author":[{"embeddable":true,"href":"https:\/\/lacuevadedominguez.net.pe\/index.php\/wp-json\/wp\/v2\/users\/1"}],"replies":[{"embeddable":true,"href":"https:\/\/lacuevadedominguez.net.pe\/index.php\/wp-json\/wp\/v2\/comments?post=9049"}],"version-history":[{"count":1,"href":"https:\/\/lacuevadedominguez.net.pe\/index.php\/wp-json\/wp\/v2\/posts\/9049\/revisions"}],"predecessor-version":[{"id":9051,"href":"https:\/\/lacuevadedominguez.net.pe\/index.php\/wp-json\/wp\/v2\/posts\/9049\/revisions\/9051"}],"wp:featuredmedia":[{"embeddable":true,"href":"https:\/\/lacuevadedominguez.net.pe\/index.php\/wp-json\/wp\/v2\/media\/9050"}],"wp:attachment":[{"href":"https:\/\/lacuevadedominguez.net.pe\/index.php\/wp-json\/wp\/v2\/media?parent=9049"}],"wp:term":[{"taxonomy":"category","embeddable":true,"href":"https:\/\/lacuevadedominguez.net.pe\/index.php\/wp-json\/wp\/v2\/categories?post=9049"},{"taxonomy":"post_tag","embeddable":true,"href":"https:\/\/lacuevadedominguez.net.pe\/index.php\/wp-json\/wp\/v2\/tags?post=9049"}],"curies":[{"name":"wp","href":"https:\/\/api.w.org\/{rel}","templated":true}]}}