{"id":9055,"date":"2020-06-19T09:30:49","date_gmt":"2020-06-19T14:30:49","guid":{"rendered":"http:\/\/lacuevadedominguez.net.pe\/?p=9055"},"modified":"2020-06-19T08:13:23","modified_gmt":"2020-06-19T13:13:23","slug":"la-riviera-nayarit-vuelve-a-abrir-sus-puertas-a-los-viajeros-el-15-de-junio","status":"publish","type":"post","link":"https:\/\/lacuevadedominguez.net.pe\/index.php\/2020\/06\/19\/la-riviera-nayarit-vuelve-a-abrir-sus-puertas-a-los-viajeros-el-15-de-junio\/","title":{"rendered":"La Riviera Nayarit Vuelve a Abrir Sus Puertas a Los Viajeros el 15 de junio"},"content":{"rendered":"\n<p>La Oficina de Visitantes y Convenciones de la Riviera Nayarit se complace en anunciar que el tesoro del pac\u00edfico mexicano est\u00e1 abierto y listo para recibir a los viajeros internacionales. A partir del 15 de junio, los hoteles, restaurantes y negocios del sector tur\u00edstico de la Riviera Nayarit podr\u00e1n reabrir sus puertas, cumpliendo estrictamente con los protocolos y medidas sanitarias establecidas por los funcionarios del Estado y operando al 30% de capacidad para garantizar un distanciamiento social seguro dentro de las propiedades, incluyendo en las \u00e1reas comunes y piscinas.<\/p>\n\n\n\n<p>\u00abEstamos emocionados de comenzar a reabrir nuestras puertas a los viajeros internacionales que pueden estar seguros de que la Riviera Nayarit est\u00e1 priorizando la salud y la seguridad de los visitantes y los locales por igual\u00bb, dijo Marc Murphy, director general de la OVC de la Riviera Nayarit. \u00abEn los \u00faltimos meses hemos estado trabajando de la mano con el estado de Nayarit para establecer un conjunto de regulaciones obligatorias para que los establecimientos locales puedan reabrir con seguridad, y estamos m\u00e1s que agradecidos por el apoyo que hemos recibido de los socios del destino hasta la fecha. Los hemos visto invertir en la implementaci\u00f3n de estos cambios en sus establecimientos, ayud\u00e1ndonos a seguir elevando el nivel del destino en lo que se refiere a la aplicaci\u00f3n de las mejores pr\u00e1cticas en el turismo y la sustentabilidad.\u201d<\/p>\n\n\n\n<p>Cabe notar que algunas empresas y servicios del sector tur\u00edstico se est\u00e1n reabriendo gradualmente en las pr\u00f3ximas semanas a medida que finalizan los preparativos para recibir a los visitantes de regreso en condiciones de seguridad. Los viajeros deben ponerse en contacto directamente con los proveedores de servicios preferidos para confirmar las fechas de apertura, as\u00ed como tambi\u00e9n otros detalles, antes de hacer la reserva.<\/p>\n\n\n\n<p>Viajeros provenientes de centro y Suram\u00e9rica pueden llegar al Aeropuerto Internacional de Puerto Vallarta (PVR), el aeropuerto m\u00e1s cercano a la Riviera Nayarit, a trav\u00e9s de conexiones principalmente v\u00eda Ciudad de Mexico. PVR ha implementado nuevos protocolos para asegurar la seguridad de los viajeros, entre las que se encuentra vigilar la temperatura de todas las llegadas y salidas de pasajeros mediante c\u00e1maras de im\u00e1genes t\u00e9rmicas. Para m\u00e1s informaci\u00f3n sobre los nuevos protocolos del aeropuerto, visite: <a href=\"https:\/\/www.aeropuertosgap.com.mx\/es\/\" target=\"_blank\" rel=\"noreferrer noopener\">https:\/\/www.aeropuertosgap.com.mx\/es\/<\/a>.<\/p>\n\n\n\n<p>Despu\u00e9s de una cuidadosa revisi\u00f3n de nuestra <strong>Gu\u00eda de Bienestar y Mejores Pr\u00e1cticas Tur\u00edsticas<\/strong> <strong>de la Riviera Nayarit<\/strong>, el tesoro del pac\u00edfico mexicano se uni\u00f3 a la lista de destinos globales que han ganado el altamente reconocido <strong>Sello de Viaje Seguro<\/strong> del <strong>Consejo Mundial de Viajes y Turismo <\/strong>(WTTC, por sus siglas en ingl\u00e9s). Otorgado a los destinos y hoteles de todo el mundo que han adoptado los protocolos de salud e higiene esbozados por el WTTC, el sello es un testimonio del compromiso del destino para elevar las normas de seguridad y saneamiento de la regi\u00f3n y restablecer la confianza de los turistas a visitar Riviera Nayarit. &nbsp;<\/p>\n\n\n\n<p>Para obtener informaci\u00f3n actualizada del Estado de Nayarit y la OVC de Riviera Nayarit con relaci\u00f3n a COVID-19 y las medidas y restricciones de viaje de los destinos, visite: <a href=\"https:\/\/www.rivieranayarit.com\/\" target=\"_blank\" rel=\"noreferrer noopener\">https:\/\/www.rivieranayarit.com\/<\/a><\/p>\n","protected":false},"excerpt":{"rendered":"<p>La Oficina de Visitantes y Convenciones de la Riviera Nayarit se complace en anunciar que el tesoro del pac\u00edfico mexicano<\/p>\n","protected":false},"author":1,"featured_media":9056,"comment_status":"open","ping_status":"open","sticky":false,"template":"","format":"standard","meta":{"colormag_page_container_layout":"default_layout","colormag_page_sidebar_layout":"default_layout","footnotes":""},"categories":[11],"tags":[293],"class_list":["post-9055","post","type-post","status-publish","format-standard","has-post-thumbnail","hentry","category-turismo","tag-riviera-nayarit"],"_links":{"self":[{"href":"https:\/\/lacuevadedominguez.net.pe\/index.php\/wp-json\/wp\/v2\/posts\/9055","targetHints":{"allow":["GET"]}}],"collection":[{"href":"https:\/\/lacuevadedominguez.net.pe\/index.php\/wp-json\/wp\/v2\/posts"}],"about":[{"href":"https:\/\/lacuevadedominguez.net.pe\/index.php\/wp-json\/wp\/v2\/types\/post"}],"author":[{"embeddable":true,"href":"https:\/\/lacuevadedominguez.net.pe\/index.php\/wp-json\/wp\/v2\/users\/1"}],"replies":[{"embeddable":true,"href":"https:\/\/lacuevadedominguez.net.pe\/index.php\/wp-json\/wp\/v2\/comments?post=9055"}],"version-history":[{"count":1,"href":"https:\/\/lacuevadedominguez.net.pe\/index.php\/wp-json\/wp\/v2\/posts\/9055\/revisions"}],"predecessor-version":[{"id":9057,"href":"https:\/\/lacuevadedominguez.net.pe\/index.php\/wp-json\/wp\/v2\/posts\/9055\/revisions\/9057"}],"wp:featuredmedia":[{"embeddable":true,"href":"https:\/\/lacuevadedominguez.net.pe\/index.php\/wp-json\/wp\/v2\/media\/9056"}],"wp:attachment":[{"href":"https:\/\/lacuevadedominguez.net.pe\/index.php\/wp-json\/wp\/v2\/media?parent=9055"}],"wp:term":[{"taxonomy":"category","embeddable":true,"href":"https:\/\/lacuevadedominguez.net.pe\/index.php\/wp-json\/wp\/v2\/categories?post=9055"},{"taxonomy":"post_tag","embeddable":true,"href":"https:\/\/lacuevadedominguez.net.pe\/index.php\/wp-json\/wp\/v2\/tags?post=9055"}],"curies":[{"name":"wp","href":"https:\/\/api.w.org\/{rel}","templated":true}]}}