{"id":9081,"date":"2020-07-02T10:30:56","date_gmt":"2020-07-02T15:30:56","guid":{"rendered":"http:\/\/lacuevadedominguez.net.pe\/?p=9081"},"modified":"2020-07-02T08:57:33","modified_gmt":"2020-07-02T13:57:33","slug":"6-de-cada-10-personas-estan-dispuestas-a-viajar-despues-de-la-cuarentena","status":"publish","type":"post","link":"https:\/\/lacuevadedominguez.net.pe\/index.php\/2020\/07\/02\/6-de-cada-10-personas-estan-dispuestas-a-viajar-despues-de-la-cuarentena\/","title":{"rendered":"6 de cada 10 personas est\u00e1n dispuestas a viajar despu\u00e9s de la cuarentena"},"content":{"rendered":"\n<p>El 66,5% de lime\u00f1os considera hacer turismo dentro de este a\u00f1o 2020, apenas termine la cuarentena, aunque el 81% consider\u00f3 que la situaci\u00f3n del covid-19 ser\u00e1 un aspecto muy importante en el momento de decidir su viaje, revel\u00f3 un estudio realizado por Strategik y Turismo Cuida, presentado en el foro digital <em>\u201cIntenci\u00f3n de viaje del turista interno post Covid-19\u201d<\/em>, organizado por la Facultad de Administraci\u00f3n Hotelera, Turismo y Gastronom\u00eda de la USIL.<\/p>\n\n\n\n<p>El estudio tambi\u00e9n indica que en la elecci\u00f3n del destino de viaje ser\u00e1n muy importante los protocolos de limpieza y sanidad (80.1%), la responsabilidad social y ambiental (68,9%) y la seguridad ciudadana (56%); por lo que el 55,3% optar\u00eda por visitar \u00e1reas naturales protegidas y el 43,3% los sitios arqueol\u00f3gicos.<\/p>\n\n\n\n<p>El 70,3% de los encuestados revel\u00f3 que elegir\u00eda viajar a otra regi\u00f3n, principalmente a Cusco (28%) y Arequipa (10,1%); sin embargo, un 13,3% de los encuestados se\u00f1al\u00f3 su preferencia por visitar los lugares tur\u00edsticos de su regi\u00f3n.<\/p>\n\n\n\n<p>En cuanto a la forma de traslado, el 58,8% mostr\u00f3 su preferencia por viajar en avi\u00f3n y el 21,8 en movilidad particular o auto propio. El 74,1% tambi\u00e9n mencion\u00f3 que estos viajes tendr\u00edan una duraci\u00f3n de cuatro d\u00edas a m\u00e1s y el 58,6% dijo disponer de 500 soles a m\u00e1s para gastar.<\/p>\n\n\n\n<p>Al comentar los resultados de la encuesta, el rector de la USIL, Ramiro Salas Bravo, se\u00f1al\u00f3 que se debe aprovechar la oportunidad para desarrollar el turismo interno por carretera, que permita incentivar la cultura de viaje en los peruanos; y que las empresas tur\u00edsticas implementen nuevas medidas sanitarias y econ\u00f3micas que recuperen la confianza de las personas y restauren la demanda para activar toda la cadena productiva.<\/p>\n\n\n\n<p>El turismo interno por carreteras permite el consumo e inyecci\u00f3n econ\u00f3mica no solo en el lugar de destino, sino durante todo el trayecto, haciendo posible que m\u00e1s alojamientos, restaurantes y atractivos tur\u00edsticos se vean beneficiados, a\u00f1adi\u00f3 el rector Salas.<\/p>\n\n\n\n<p>Por su parte, el jefe del Servicio Nacional de \u00c1reas Naturales Protegidas por el Estado (SERNANP), Pedro Gamboa, indic\u00f3 que est\u00e1n trabajando protocolos de bioseguridad y sanidad que garanticen la salud de los trabajadores y visitantes a las \u00e1reas naturales del pa\u00eds.<\/p>\n\n\n\n<p>En el evento participaron la directora de la Asociaci\u00f3n Turismo Cuida, Yasmine Martin; la directora de Turismo de PromPer\u00fa, Marisol Acosta; el jefe de del Servicio Nacional de \u00c1reas Naturales Protegidas por el Estado (SERNANP), Pedro Gamboa; la directora de Tourism Crisis Management Institute de la Universidad de Florida, Lori Pennington (universidad partner de USIL); y la docente e investigadora de la USIL, Sandra Sotomayor.<\/p>\n\n\n\n<p><strong><em>Ficha t\u00e9cnica:<\/em><\/strong><em> La muestra realizada por StrategiK \u201cAnhelos del viajero lime\u00f1o durante la cuarentena Covid-19, Intenci\u00f3n de viaje y principales caracter\u00edsticas\u201d, se realiz\u00f3 a 1142 encuestados, hombres y mujeres mayores de 18 a\u00f1os, residentes en la ciudad de Lima Metropolitana, entre el 6 de mayo y 9 de junio de 2020. Seg\u00fan la edad, el 69,9% de los encuestados son considerados Millennials y Centennials y el 30,1% Baby Boomers y Generaci\u00f3n X. el margen de error es de 2.9% para la poblaci\u00f3n de Lima, con un nivel de confianza del 95% para el estudio.<\/em><\/p>\n","protected":false},"excerpt":{"rendered":"<p>El 66,5% de lime\u00f1os considera hacer turismo dentro de este a\u00f1o 2020, apenas termine la cuarentena, aunque el 81% consider\u00f3<\/p>\n","protected":false},"author":1,"featured_media":9082,"comment_status":"open","ping_status":"open","sticky":false,"template":"","format":"standard","meta":{"colormag_page_container_layout":"default_layout","colormag_page_sidebar_layout":"default_layout","footnotes":""},"categories":[11],"tags":[177],"class_list":["post-9081","post","type-post","status-publish","format-standard","has-post-thumbnail","hentry","category-turismo","tag-usil"],"_links":{"self":[{"href":"https:\/\/lacuevadedominguez.net.pe\/index.php\/wp-json\/wp\/v2\/posts\/9081","targetHints":{"allow":["GET"]}}],"collection":[{"href":"https:\/\/lacuevadedominguez.net.pe\/index.php\/wp-json\/wp\/v2\/posts"}],"about":[{"href":"https:\/\/lacuevadedominguez.net.pe\/index.php\/wp-json\/wp\/v2\/types\/post"}],"author":[{"embeddable":true,"href":"https:\/\/lacuevadedominguez.net.pe\/index.php\/wp-json\/wp\/v2\/users\/1"}],"replies":[{"embeddable":true,"href":"https:\/\/lacuevadedominguez.net.pe\/index.php\/wp-json\/wp\/v2\/comments?post=9081"}],"version-history":[{"count":1,"href":"https:\/\/lacuevadedominguez.net.pe\/index.php\/wp-json\/wp\/v2\/posts\/9081\/revisions"}],"predecessor-version":[{"id":9083,"href":"https:\/\/lacuevadedominguez.net.pe\/index.php\/wp-json\/wp\/v2\/posts\/9081\/revisions\/9083"}],"wp:featuredmedia":[{"embeddable":true,"href":"https:\/\/lacuevadedominguez.net.pe\/index.php\/wp-json\/wp\/v2\/media\/9082"}],"wp:attachment":[{"href":"https:\/\/lacuevadedominguez.net.pe\/index.php\/wp-json\/wp\/v2\/media?parent=9081"}],"wp:term":[{"taxonomy":"category","embeddable":true,"href":"https:\/\/lacuevadedominguez.net.pe\/index.php\/wp-json\/wp\/v2\/categories?post=9081"},{"taxonomy":"post_tag","embeddable":true,"href":"https:\/\/lacuevadedominguez.net.pe\/index.php\/wp-json\/wp\/v2\/tags?post=9081"}],"curies":[{"name":"wp","href":"https:\/\/api.w.org\/{rel}","templated":true}]}}