{"id":9293,"date":"2020-09-17T10:30:48","date_gmt":"2020-09-17T15:30:48","guid":{"rendered":"http:\/\/lacuevadedominguez.net.pe\/?p=9293"},"modified":"2020-09-17T09:48:42","modified_gmt":"2020-09-17T14:48:42","slug":"produce-formalizacion-de-mypes-muestra-recuperacion-de-confianza-en-tiempos-de-pandemia","status":"publish","type":"post","link":"https:\/\/lacuevadedominguez.net.pe\/index.php\/2020\/09\/17\/produce-formalizacion-de-mypes-muestra-recuperacion-de-confianza-en-tiempos-de-pandemia\/","title":{"rendered":"Produce: Formalizaci\u00f3n de mypes muestra recuperaci\u00f3n de confianza en tiempos de pandemia"},"content":{"rendered":"\n<p>En lo que va del a\u00f1o, el Programa Nacional Tu Empresa, que promueve el Ministerio de la Producci\u00f3n (Produce), logr\u00f3 la formalizaci\u00f3n de 8,931 mypes de distintas ciudades del pa\u00eds, seg\u00fan inform\u00f3 el viceministro de MYPE e Industria, Wilson Falen.&nbsp;<\/p>\n\n\n\n<p>\u201cCabe indicar que el 27% (unas 2,441) de la cifra total de mypes dej\u00f3 de ser informal en el mes de agosto, lo que evidencia una recuperaci\u00f3n de la confianza de este importante rubro empresarial en las acciones de reactivaci\u00f3n, pese a la pandemia\u201d, anot\u00f3 el funcionario.&nbsp;<\/p>\n\n\n\n<p>Las regiones que m\u00e1s contribuyeron al incremento de la cifra citada en agosto fueron Lima, Arequipa, Loreto, Hu\u00e1nuco, Madre de Dios, Cajamarca, Moquegua y Amazonas.<\/p>\n\n\n\n<p>En marzo pasado, cuando se inici\u00f3 la cuarentena y emergencia sanitaria, se concretaron 707 formalizaciones a nivel nacional; en abril no se registr\u00f3 ninguna. Sin embargo, en mayo y junio las formalizaciones superaron el millar con 1,176 y 1,557, respectivamente.&nbsp;<\/p>\n\n\n\n<p>\u201cDesde entonces empez\u00f3 un crecimiento constante, lo que demuestra una recuperaci\u00f3n y mayor confianza en la constituci\u00f3n de las mypes\u201d, coment\u00f3 el viceministro. &nbsp;<\/p>\n\n\n\n<p>Toda iniciativa de negocio de la peque\u00f1a o mediana empresa puede integrarse al Programa Nacional Tu Empresa &#8211; Produce. &nbsp;<\/p>\n\n\n\n<p>En esta nueva etapa formal, las mypes pueden recibir asesor\u00edas para la constituci\u00f3n empresarial y de registro sanitario, reserva preferencial en Registros P\u00fablicos, activaci\u00f3n del RUC y asesor\u00eda en reg\u00edmenes y beneficios tributarios.&nbsp;<\/p>\n","protected":false},"excerpt":{"rendered":"<p>En lo que va del a\u00f1o, el Programa Nacional Tu Empresa, que promueve el Ministerio de la Producci\u00f3n (Produce), logr\u00f3<\/p>\n","protected":false},"author":1,"featured_media":9294,"comment_status":"open","ping_status":"open","sticky":false,"template":"","format":"standard","meta":{"colormag_page_container_layout":"default_layout","colormag_page_sidebar_layout":"default_layout","footnotes":""},"categories":[2021],"tags":[2020,1215],"class_list":["post-9293","post","type-post","status-publish","format-standard","has-post-thumbnail","hentry","category-emprendedores","tag-mypes","tag-produce"],"_links":{"self":[{"href":"https:\/\/lacuevadedominguez.net.pe\/index.php\/wp-json\/wp\/v2\/posts\/9293","targetHints":{"allow":["GET"]}}],"collection":[{"href":"https:\/\/lacuevadedominguez.net.pe\/index.php\/wp-json\/wp\/v2\/posts"}],"about":[{"href":"https:\/\/lacuevadedominguez.net.pe\/index.php\/wp-json\/wp\/v2\/types\/post"}],"author":[{"embeddable":true,"href":"https:\/\/lacuevadedominguez.net.pe\/index.php\/wp-json\/wp\/v2\/users\/1"}],"replies":[{"embeddable":true,"href":"https:\/\/lacuevadedominguez.net.pe\/index.php\/wp-json\/wp\/v2\/comments?post=9293"}],"version-history":[{"count":1,"href":"https:\/\/lacuevadedominguez.net.pe\/index.php\/wp-json\/wp\/v2\/posts\/9293\/revisions"}],"predecessor-version":[{"id":9295,"href":"https:\/\/lacuevadedominguez.net.pe\/index.php\/wp-json\/wp\/v2\/posts\/9293\/revisions\/9295"}],"wp:featuredmedia":[{"embeddable":true,"href":"https:\/\/lacuevadedominguez.net.pe\/index.php\/wp-json\/wp\/v2\/media\/9294"}],"wp:attachment":[{"href":"https:\/\/lacuevadedominguez.net.pe\/index.php\/wp-json\/wp\/v2\/media?parent=9293"}],"wp:term":[{"taxonomy":"category","embeddable":true,"href":"https:\/\/lacuevadedominguez.net.pe\/index.php\/wp-json\/wp\/v2\/categories?post=9293"},{"taxonomy":"post_tag","embeddable":true,"href":"https:\/\/lacuevadedominguez.net.pe\/index.php\/wp-json\/wp\/v2\/tags?post=9293"}],"curies":[{"name":"wp","href":"https:\/\/api.w.org\/{rel}","templated":true}]}}