{"id":9777,"date":"2021-02-04T12:04:00","date_gmt":"2021-02-04T17:04:00","guid":{"rendered":"http:\/\/lacuevadedominguez.net.pe\/?p=9777"},"modified":"2021-02-04T11:01:59","modified_gmt":"2021-02-04T16:01:59","slug":"fitur-anuncio-a-los-ganadores-del-concurso-turismo-activo-al-aire-libre","status":"publish","type":"post","link":"https:\/\/lacuevadedominguez.net.pe\/index.php\/2021\/02\/04\/fitur-anuncio-a-los-ganadores-del-concurso-turismo-activo-al-aire-libre\/","title":{"rendered":"FITUR anunci\u00f3 a los ganadores del concurso Turismo Activo &#8211; Al Aire Libre"},"content":{"rendered":"\n<p>La pr\u00f3xima edici\u00f3n de la Feria Internacional de Turismo, FITUR \u201cEspecial Recuperaci\u00f3n Turismo\u201d, anuncia los ganadores del <strong>XXVI Concurso al Mejor Producto de Turismo Activo<\/strong>, organizado con la <strong>Revista Aire Libre<\/strong>, para potenciar el desarrollo y la comercializaci\u00f3n de la actividad tur\u00edstica, enfocado en la promoci\u00f3n de las propuestas en turismo de aventura, cultura, naturaleza, enogastronom\u00eda, desarrollo tecnol\u00f3gico, accesibilidad y medioambiente.<\/p>\n\n\n\n<p><strong>Los seis ganadores recibir\u00e1n un sello que les identificar\u00e1 como galardonados en la pr\u00f3xima edici\u00f3n de FITUR<\/strong>. La entrega de los galardones se desarrollar\u00e1 en el marco de FITUR \u201cEspecial Recuperaci\u00f3n Turismo\u201d, <strong>que, este a\u00f1o se celebra de forma extraordinaria del 19 al 23 de mayo pr\u00f3ximo, en la Feria de Madrid.<\/strong><\/p>\n\n\n\n<p>El jurado estuvo integrado por consumidores finales, profesionales del turismo, medios de comunicaci\u00f3n y representantes del sector tur\u00edstico, quienes estudiaron la calidad de cerca de 100 propuestas presentadas por expositores y co-expositores de FITUR 2021. Tras compleja deliberaci\u00f3n, a la que sumaron m\u00e1s de 8.000 votos emitidos por el consumidor final y los profesionales, result\u00f3 el veredicto y designaci\u00f3n de premios en los siguientes productos:<\/p>\n\n\n\n<h4 class=\"wp-block-heading\"><strong>Categor\u00eda nacional<\/strong><\/h4>\n\n\n\n<p><strong>Galicia. Elixe Galicia (Elige Galicia)<\/strong><\/p>\n\n\n\n<p>Plan de viajes subvencionado por la Xunta de Galicia para difundir el turismo interno, potenciar la dinamizaci\u00f3n econ\u00f3mica, estimular la actividad tur\u00edstica fuera de temporada alta. Lo compone paquetes tur\u00edsticos de diferentes modalidades comercializados por agencias de viajes y dirigido a un mercado estrat\u00e9gico: j\u00f3venes menores de 30 a\u00f1os, familias y pensionistas mayores de 55 a\u00f1os. Incluye cuatro modalidades: Costa, Patrimonio Hist\u00f3rico y Cultural, Naturaleza y Termalismo.\u00a0<a href=\"http:\/\/www.turismo.gal\/\" target=\"_blank\" rel=\"noopener\">www.turismo.gal<\/a><\/p>\n\n\n\n<p><strong>Comunidad Valenciana. La aventura del Santo Grial en Valencia.<\/strong><\/p>\n\n\n\n<p>Experiencia multimedia de geocatching gratuita que celebra el A\u00f1o Jubilar de esta reliquia, que se cree es la copa que us\u00f3 Cristo en la \u00daltima Cena. A trav\u00e9s de la app Whereigo, los participantes enfrentar\u00e1n retos en 11 lugares representativos de la ciudad de Valencia, combinando entornos reales y virtuales.&nbsp;<a href=\"http:\/\/www.visitvalencia.com\/\" target=\"_blank\" rel=\"noopener\">www.visitvalencia.com<\/a><\/p>\n\n\n\n<p><strong>Catalu\u00f1a. Val D\u2019Aran Walking Festival en Lleida.<\/strong><\/p>\n\n\n\n<p>Evento de senderismo donde senderistas y amantes de la naturaleza disfrutan de paisajes, cultura, patrimonio y gastronom\u00eda, acompa\u00f1ados de gu\u00edas profesionales encargados de dirigir las rutas por lugares emblem\u00e1ticos y desconocidos de gran belleza natural. M\u00e1s de 25 rutas de senderismo de monta\u00f1a de distinto nivel y recorrido, y un sinf\u00edn de actividades para dar a conocer itinerarios, patrimonio natural, cultural y gastron\u00f3mico.\u00a0<a href=\"http:\/\/www.camins.net\/\" target=\"_blank\" rel=\"noopener\">www.camins.net<\/a><\/p>\n\n\n\n<p><strong>Pa\u00eds Vasco. Barranco de la Leze, en \u00c1lava.<\/strong><\/p>\n\n\n\n<p>Espectacular descenso de barranco que atraviesa la Sierra de Altzania bajo tierra, en el Parque Natural de Aizkorri-Aratz. La joya de la corona del barranquismo vasco. La Cueva de La Leze, cavidad de 80 metros de altura, que atraviesa de norte a sur el macizo de la Sierra de Altzania. Excavada en roca caliza con abundantes f\u00f3siles, es \u00fanica en Europa por sus caracter\u00edsticas geol\u00f3gicas. Solo hay 7 cuevas similares en el mundo. \u00a0<a href=\"http:\/\/www.inguruabentura.com\/\" target=\"_blank\" rel=\"noopener\">www.inguruabentura.com<\/a><\/p>\n\n\n\n<h4 class=\"wp-block-heading\"><strong>Categor\u00eda internacional<\/strong><\/h4>\n\n\n\n<p><strong>Bulgaria. Inmersi\u00f3n cultural en los Montes de Orfeo.<\/strong><\/p>\n\n\n\n<p>La m\u00e1s aut\u00e9ntica regi\u00f3n del pa\u00eds a trav\u00e9s de un viaje \u00fanico a bordo del ferrocarril de v\u00eda estrecha R\u00f3dope. Este peque\u00f1o ferrocarril b\u00falgaro es una joya que atraviesa el coraz\u00f3n de las monta\u00f1as de la regi\u00f3n de los R\u00f3dopes, cuna del mito de Orfeo y una de las zonas m\u00e1s bellas de Bulgaria.&nbsp;<a href=\"http:\/\/tandem-travel.com\/\" target=\"_blank\" rel=\"noreferrer noopener\">http:\/\/tandem-travel.com<\/a><\/p>\n\n\n\n<p><strong>Corea. Korea Tourism Organization\u2019s promotion of 100 Contact-Free tourist sites.<\/strong><\/p>\n\n\n\n<p>100 destinos tur\u00edsticos sin contacto, elaborado por la Organizaci\u00f3n de Turismo de Corea, para impulsar la demanda de viajes internos y dispersar la demanda de viajes por todo el pa\u00eds en medio de la pandemia de COVID-19, que indica el nivel de viajes mediante el an\u00e1lisis de grandes datos.&nbsp;<a href=\"http:\/\/kto.visitkorea.or.kr\/eng.kto#\" target=\"_blank\" rel=\"noreferrer noopener\">http:\/\/kto.visitkorea.or.kr\/eng.kto#<\/a><\/p>\n\n\n\n<p><\/p>\n\n\n\n<p><em>Extra\u00eddo del sitio Viajes Boletin<\/em><\/p>\n","protected":false},"excerpt":{"rendered":"<p>La pr\u00f3xima edici\u00f3n de la Feria Internacional de Turismo, FITUR \u201cEspecial Recuperaci\u00f3n Turismo\u201d, anuncia los ganadores del XXVI Concurso al<\/p>\n","protected":false},"author":1,"featured_media":9778,"comment_status":"open","ping_status":"open","sticky":false,"template":"","format":"standard","meta":{"colormag_page_container_layout":"default_layout","colormag_page_sidebar_layout":"default_layout","footnotes":""},"categories":[11],"tags":[1857,2147,447,707],"class_list":["post-9777","post","type-post","status-publish","format-standard","has-post-thumbnail","hentry","category-turismo","tag-fitur","tag-revista-aire-libre","tag-turismo-de-naturaleza","tag-turismo-espana"],"_links":{"self":[{"href":"https:\/\/lacuevadedominguez.net.pe\/index.php\/wp-json\/wp\/v2\/posts\/9777","targetHints":{"allow":["GET"]}}],"collection":[{"href":"https:\/\/lacuevadedominguez.net.pe\/index.php\/wp-json\/wp\/v2\/posts"}],"about":[{"href":"https:\/\/lacuevadedominguez.net.pe\/index.php\/wp-json\/wp\/v2\/types\/post"}],"author":[{"embeddable":true,"href":"https:\/\/lacuevadedominguez.net.pe\/index.php\/wp-json\/wp\/v2\/users\/1"}],"replies":[{"embeddable":true,"href":"https:\/\/lacuevadedominguez.net.pe\/index.php\/wp-json\/wp\/v2\/comments?post=9777"}],"version-history":[{"count":1,"href":"https:\/\/lacuevadedominguez.net.pe\/index.php\/wp-json\/wp\/v2\/posts\/9777\/revisions"}],"predecessor-version":[{"id":9779,"href":"https:\/\/lacuevadedominguez.net.pe\/index.php\/wp-json\/wp\/v2\/posts\/9777\/revisions\/9779"}],"wp:featuredmedia":[{"embeddable":true,"href":"https:\/\/lacuevadedominguez.net.pe\/index.php\/wp-json\/wp\/v2\/media\/9778"}],"wp:attachment":[{"href":"https:\/\/lacuevadedominguez.net.pe\/index.php\/wp-json\/wp\/v2\/media?parent=9777"}],"wp:term":[{"taxonomy":"category","embeddable":true,"href":"https:\/\/lacuevadedominguez.net.pe\/index.php\/wp-json\/wp\/v2\/categories?post=9777"},{"taxonomy":"post_tag","embeddable":true,"href":"https:\/\/lacuevadedominguez.net.pe\/index.php\/wp-json\/wp\/v2\/tags?post=9777"}],"curies":[{"name":"wp","href":"https:\/\/api.w.org\/{rel}","templated":true}]}}