{"id":9826,"date":"2021-02-17T10:19:00","date_gmt":"2021-02-17T15:19:00","guid":{"rendered":"http:\/\/lacuevadedominguez.net.pe\/?p=9826"},"modified":"2021-02-16T20:51:58","modified_gmt":"2021-02-17T01:51:58","slug":"parque-nacional-cordillera-azul-es-el-habitat-de-una-nueva-especie-de-palmera","status":"publish","type":"post","link":"https:\/\/lacuevadedominguez.net.pe\/index.php\/2021\/02\/17\/parque-nacional-cordillera-azul-es-el-habitat-de-una-nueva-especie-de-palmera\/","title":{"rendered":"Parque Nacional Cordillera Azul es el h\u00e1bitat de una nueva especie de palmera"},"content":{"rendered":"\n<p>Un gran aporte de las \u00e1reas naturales protegidas del Per\u00fa para el mundo. Y es que una nueva especie de palmera para la ciencia fue descubierta recientemente como parte de un estudio cient\u00edfico desarrollado en el <strong>Parque Nacional Cordillera Azul (San Mart\u00edn, Loreto, Ucayali y Hu\u00e1nuco), espacio administrado por el Servicio Nacional de \u00c1reas Naturales protegidas por el Estado (Sernanp).<\/strong><\/p>\n\n\n\n<p>Se trata de la Ceroxylon ravenii, especie nombrada en honor al <strong>Dr. Peter Raven, bot\u00e1nico y promotor de la conservaci\u00f3n<\/strong> cuya gesti\u00f3n como director del Jard\u00edn Bot\u00e1nico de Missouri permiti\u00f3 a un gran n\u00famero de cient\u00edficos peruanos y extranjeros conocer la diversidad flor\u00edstica que hace del Per\u00fa un pa\u00eds megadiverso.<\/p>\n\n\n\n<p>El descubrimiento forma parte del proyecto \u201cDiversidad de la flora y sus relaciones con el suelo, en la zona silvestre del Parque Nacional Cordillera Azul\u201d, encabezado por los investigadores Mar\u00eda Isabel Villalba Valdivia y Luis Valenzuela Gamarra, con el apoyo de Rodolfo V\u00e1squez y Roc\u00edo Rojas quienes dirigen el <strong>Jard\u00edn Bot\u00e1nico de Missouri en Per\u00fa<\/strong>, y los guardaparques Agust\u00edn Vergara Quintos y Wilder Guerrero Jim\u00e9nez, quienes acompa\u00f1aron la expedici\u00f3n.<\/p>\n\n\n\n<p>El registro de esta especie se realiz\u00f3 en una peque\u00f1a meseta del bosque montano bajo ubicado en una elevaci\u00f3n de 1240 metros sobre el nivel del mar, en la zona silvestre de esta \u00e1rea natural protegida. El h\u00e1bitat de esta especie es la formaci\u00f3n geol\u00f3gica conocida como Agua Caliente.<\/p>\n\n\n\n<p>Con este descubrimiento se resalta la importancia del desarrollo de la investigaci\u00f3n cient\u00edfica en el \u00e1mbito de las <strong>\u00e1reas naturales protegidas <\/strong>ya que contribuye a la generaci\u00f3n de informaci\u00f3n fundamental para la toma de decisiones en la conservaci\u00f3n de la biodiversidad y los servicios ecosist\u00e9micos que albergan estos espacios. Es por ello que, el Sernanp promueve estas actividades de la mano con la academia y organizaciones aliadas a nivel nacional e internacional.<\/p>\n\n\n\n<p><strong>El dato<\/strong><\/p>\n\n\n\n<p>En este a\u00f1o del bicentenario del Per\u00fa, <strong>el Parque Nacional Cordillera Azul cumplir\u00e1 el pr\u00f3ximo 21 de mayo, 20 a\u00f1os de creaci\u00f3n<\/strong>, y se prepara para la celebraci\u00f3n cautivando con su maravillosa diversidad biol\u00f3gica.<\/p>\n","protected":false},"excerpt":{"rendered":"<p>Un gran aporte de las \u00e1reas naturales protegidas del Per\u00fa para el mundo. Y es que una nueva especie de<\/p>\n","protected":false},"author":1,"featured_media":9827,"comment_status":"open","ping_status":"open","sticky":false,"template":"","format":"standard","meta":{"colormag_page_container_layout":"default_layout","colormag_page_sidebar_layout":"default_layout","footnotes":""},"categories":[13],"tags":[221,2167,135],"class_list":["post-9826","post","type-post","status-publish","format-standard","has-post-thumbnail","hentry","category-destinos","tag-areas-naturales-protegidas","tag-parque-nacional-cordillera-azul","tag-sernanp"],"_links":{"self":[{"href":"https:\/\/lacuevadedominguez.net.pe\/index.php\/wp-json\/wp\/v2\/posts\/9826","targetHints":{"allow":["GET"]}}],"collection":[{"href":"https:\/\/lacuevadedominguez.net.pe\/index.php\/wp-json\/wp\/v2\/posts"}],"about":[{"href":"https:\/\/lacuevadedominguez.net.pe\/index.php\/wp-json\/wp\/v2\/types\/post"}],"author":[{"embeddable":true,"href":"https:\/\/lacuevadedominguez.net.pe\/index.php\/wp-json\/wp\/v2\/users\/1"}],"replies":[{"embeddable":true,"href":"https:\/\/lacuevadedominguez.net.pe\/index.php\/wp-json\/wp\/v2\/comments?post=9826"}],"version-history":[{"count":1,"href":"https:\/\/lacuevadedominguez.net.pe\/index.php\/wp-json\/wp\/v2\/posts\/9826\/revisions"}],"predecessor-version":[{"id":9828,"href":"https:\/\/lacuevadedominguez.net.pe\/index.php\/wp-json\/wp\/v2\/posts\/9826\/revisions\/9828"}],"wp:featuredmedia":[{"embeddable":true,"href":"https:\/\/lacuevadedominguez.net.pe\/index.php\/wp-json\/wp\/v2\/media\/9827"}],"wp:attachment":[{"href":"https:\/\/lacuevadedominguez.net.pe\/index.php\/wp-json\/wp\/v2\/media?parent=9826"}],"wp:term":[{"taxonomy":"category","embeddable":true,"href":"https:\/\/lacuevadedominguez.net.pe\/index.php\/wp-json\/wp\/v2\/categories?post=9826"},{"taxonomy":"post_tag","embeddable":true,"href":"https:\/\/lacuevadedominguez.net.pe\/index.php\/wp-json\/wp\/v2\/tags?post=9826"}],"curies":[{"name":"wp","href":"https:\/\/api.w.org\/{rel}","templated":true}]}}